{"id":17784,"date":"2017-01-10T22:10:05","date_gmt":"2017-01-10T22:10:05","guid":{"rendered":""},"modified":"2017-01-10T22:10:05","modified_gmt":"2017-01-10T22:10:05","slug":"jezrrel-corrales-boxeador-del-mes-de-la-amb","status":"publish","type":"post","link":"https:\/\/sertv.gob.pa\/nacionalfm\/jezrrel-corrales-boxeador-del-mes-de-la-amb\/","title":{"rendered":"Jezrrel Corrales boxeador del mes de la AMB"},"content":{"rendered":"<p>\n La Asociaci\u00f3n Mundial de Boxeo escogi\u00f3 al paname\u00f1o Jezrrel &ldquo;El Invisible&rdquo; Corrlaes como boxeador del mes por su victoria por decisi\u00f3n dividida ante el japon\u00e9s Takashi Uchiyama en combate de revancha.  <\/p>\n<p> El paname\u00f1o defend\u00eda su t\u00edtulo por primera vez el pasado 31 de diciembre en Jap\u00f3n, el cual gan\u00f3 el gan\u00f3 ante el mismo Uchiyama por K.O. autom\u00e1tico en el segundo asalto, luego de tres ca\u00eddas el 27 de abril de 2016.  <\/p>\n","protected":false},"excerpt":{"rendered":"<p>La Asociaci\u00f3n Mundial de Boxeo escogi\u00f3 al paname\u00f1o Jezrrel &ldquo;El <a href=\"https:\/\/sertv.gob.pa\/nacionalfm\/jezrrel-corrales-boxeador-del-mes-de-la-amb\/\"> [&#8230;]<\/a><\/p>\n","protected":false},"author":1,"featured_media":17785,"comment_status":"closed","ping_status":"closed","sticky":false,"template":"","format":"standard","meta":{"footnotes":""},"categories":[4],"tags":[],"class_list":["post-17784","post","type-post","status-publish","format-standard","has-post-thumbnail","hentry","category-deportes"],"_links":{"self":[{"href":"https:\/\/sertv.gob.pa\/nacionalfm\/wp-json\/wp\/v2\/posts\/17784","targetHints":{"allow":["GET"]}}],"collection":[{"href":"https:\/\/sertv.gob.pa\/nacionalfm\/wp-json\/wp\/v2\/posts"}],"about":[{"href":"https:\/\/sertv.gob.pa\/nacionalfm\/wp-json\/wp\/v2\/types\/post"}],"author":[{"embeddable":true,"href":"https:\/\/sertv.gob.pa\/nacionalfm\/wp-json\/wp\/v2\/users\/1"}],"replies":[{"embeddable":true,"href":"https:\/\/sertv.gob.pa\/nacionalfm\/wp-json\/wp\/v2\/comments?post=17784"}],"version-history":[{"count":0,"href":"https:\/\/sertv.gob.pa\/nacionalfm\/wp-json\/wp\/v2\/posts\/17784\/revisions"}],"wp:featuredmedia":[{"embeddable":true,"href":"https:\/\/sertv.gob.pa\/nacionalfm\/wp-json\/wp\/v2\/media\/17785"}],"wp:attachment":[{"href":"https:\/\/sertv.gob.pa\/nacionalfm\/wp-json\/wp\/v2\/media?parent=17784"}],"wp:term":[{"taxonomy":"category","embeddable":true,"href":"https:\/\/sertv.gob.pa\/nacionalfm\/wp-json\/wp\/v2\/categories?post=17784"},{"taxonomy":"post_tag","embeddable":true,"href":"https:\/\/sertv.gob.pa\/nacionalfm\/wp-json\/wp\/v2\/tags?post=17784"}],"curies":[{"name":"wp","href":"https:\/\/api.w.org\/{rel}","templated":true}]}}