{"id":17786,"date":"2017-01-11T15:37:53","date_gmt":"2017-01-11T15:37:53","guid":{"rendered":""},"modified":"2017-01-11T15:37:53","modified_gmt":"2017-01-11T15:37:53","slug":"panama-metro-cae-por-tercera-vez-consecutiva-en-el-juvenil","status":"publish","type":"post","link":"https:\/\/sertv.gob.pa\/nacionalfm\/panama-metro-cae-por-tercera-vez-consecutiva-en-el-juvenil\/","title":{"rendered":"Panam\u00e1 Metro cae por tercera vez consecutiva en el Juvenil"},"content":{"rendered":"<p>\nBocas del Toro le aplic\u00f3 su tercera derrota consecutiva a Panam\u00e1 Metro con pizarra de 6-3, en la continuaci\u00f3n del Campeonato Nacional de B\u00e9isbol Juvenil, en partido realizado en el Estadio Omar Torrijos de Veraguas. <\/p>\n<p>Los Metropolitanos perdieron el fin de semana 2-0 ante Panam\u00e1 Oeste y 3-2 ante Dari\u00e9n. <\/p>\n<p>En otros partidos Col\u00f3n blanque\u00f3 a Los Santos 6 carreras por 0 en el Olmedo Sol\u00e9 de Las Tablas, en buen partido escenficado en el Rico Cede\u00f1o de Chitr\u00e9 Herrera venci\u00f3 a Panam\u00e1 Este 1 carrera por 0, en tanto que en el Glorias Deportivas Baruenses Chiriqu\u00ed\u00a0 Occidente se llev\u00f3 la victoria 3-2 sobre Panam\u00e1 Oeste. <\/p>\n<p>Chiriqu\u00ed venci\u00f3 a Dari\u00e9n 11 carreras por 6 en el C. Alvarado M., y Los Azucareros de Cocl\u00e9 venciero 5 carreras por 3 a Chiriqu\u00ed. <\/p>\n","protected":false},"excerpt":{"rendered":"<p>Bocas del Toro le aplic\u00f3 su tercera derrota consecutiva a <a href=\"https:\/\/sertv.gob.pa\/nacionalfm\/panama-metro-cae-por-tercera-vez-consecutiva-en-el-juvenil\/\"> [&#8230;]<\/a><\/p>\n","protected":false},"author":1,"featured_media":17787,"comment_status":"closed","ping_status":"closed","sticky":false,"template":"","format":"standard","meta":{"footnotes":""},"categories":[4],"tags":[],"class_list":["post-17786","post","type-post","status-publish","format-standard","has-post-thumbnail","hentry","category-deportes"],"_links":{"self":[{"href":"https:\/\/sertv.gob.pa\/nacionalfm\/wp-json\/wp\/v2\/posts\/17786","targetHints":{"allow":["GET"]}}],"collection":[{"href":"https:\/\/sertv.gob.pa\/nacionalfm\/wp-json\/wp\/v2\/posts"}],"about":[{"href":"https:\/\/sertv.gob.pa\/nacionalfm\/wp-json\/wp\/v2\/types\/post"}],"author":[{"embeddable":true,"href":"https:\/\/sertv.gob.pa\/nacionalfm\/wp-json\/wp\/v2\/users\/1"}],"replies":[{"embeddable":true,"href":"https:\/\/sertv.gob.pa\/nacionalfm\/wp-json\/wp\/v2\/comments?post=17786"}],"version-history":[{"count":0,"href":"https:\/\/sertv.gob.pa\/nacionalfm\/wp-json\/wp\/v2\/posts\/17786\/revisions"}],"wp:featuredmedia":[{"embeddable":true,"href":"https:\/\/sertv.gob.pa\/nacionalfm\/wp-json\/wp\/v2\/media\/17787"}],"wp:attachment":[{"href":"https:\/\/sertv.gob.pa\/nacionalfm\/wp-json\/wp\/v2\/media?parent=17786"}],"wp:term":[{"taxonomy":"category","embeddable":true,"href":"https:\/\/sertv.gob.pa\/nacionalfm\/wp-json\/wp\/v2\/categories?post=17786"},{"taxonomy":"post_tag","embeddable":true,"href":"https:\/\/sertv.gob.pa\/nacionalfm\/wp-json\/wp\/v2\/tags?post=17786"}],"curies":[{"name":"wp","href":"https:\/\/api.w.org\/{rel}","templated":true}]}}