{"id":17796,"date":"2017-01-11T21:13:47","date_gmt":"2017-01-11T21:13:47","guid":{"rendered":""},"modified":"2017-01-11T21:13:47","modified_gmt":"2017-01-11T21:13:47","slug":"atheyna-bylon-podria-combatir-en-bulgaria","status":"publish","type":"post","link":"https:\/\/sertv.gob.pa\/nacionalfm\/atheyna-bylon-podria-combatir-en-bulgaria\/","title":{"rendered":"Atheyna Bylon podr\u00eda combatir en Bulgaria"},"content":{"rendered":"<p>\nEl presidente de la Federaci\u00f3n de Boxeo Ol\u00edmpico de Panam\u00e1, Tom\u00e1s Cianca dio a conocer que se hacen las gestiones para inscribir en la Copa Stradja en Bulgaria, para que participe la campeona mundial Atheyna Bylon. <\/p>\n<p>Baylon combatir\u00e1 en los 75 kilos, con el fin de que entre en el Ranking Mundial y sea favorecida en los sorteos de torneos clasificatorios Panamericanos y Ol\u00edmpicos. <\/p>\n<p>\u00a0 <\/p>\n","protected":false},"excerpt":{"rendered":"<p>El presidente de la Federaci\u00f3n de Boxeo Ol\u00edmpico de Panam\u00e1, <a href=\"https:\/\/sertv.gob.pa\/nacionalfm\/atheyna-bylon-podria-combatir-en-bulgaria\/\"> [&#8230;]<\/a><\/p>\n","protected":false},"author":1,"featured_media":17797,"comment_status":"closed","ping_status":"closed","sticky":false,"template":"","format":"standard","meta":{"footnotes":""},"categories":[4],"tags":[],"class_list":["post-17796","post","type-post","status-publish","format-standard","has-post-thumbnail","hentry","category-deportes"],"_links":{"self":[{"href":"https:\/\/sertv.gob.pa\/nacionalfm\/wp-json\/wp\/v2\/posts\/17796","targetHints":{"allow":["GET"]}}],"collection":[{"href":"https:\/\/sertv.gob.pa\/nacionalfm\/wp-json\/wp\/v2\/posts"}],"about":[{"href":"https:\/\/sertv.gob.pa\/nacionalfm\/wp-json\/wp\/v2\/types\/post"}],"author":[{"embeddable":true,"href":"https:\/\/sertv.gob.pa\/nacionalfm\/wp-json\/wp\/v2\/users\/1"}],"replies":[{"embeddable":true,"href":"https:\/\/sertv.gob.pa\/nacionalfm\/wp-json\/wp\/v2\/comments?post=17796"}],"version-history":[{"count":0,"href":"https:\/\/sertv.gob.pa\/nacionalfm\/wp-json\/wp\/v2\/posts\/17796\/revisions"}],"wp:featuredmedia":[{"embeddable":true,"href":"https:\/\/sertv.gob.pa\/nacionalfm\/wp-json\/wp\/v2\/media\/17797"}],"wp:attachment":[{"href":"https:\/\/sertv.gob.pa\/nacionalfm\/wp-json\/wp\/v2\/media?parent=17796"}],"wp:term":[{"taxonomy":"category","embeddable":true,"href":"https:\/\/sertv.gob.pa\/nacionalfm\/wp-json\/wp\/v2\/categories?post=17796"},{"taxonomy":"post_tag","embeddable":true,"href":"https:\/\/sertv.gob.pa\/nacionalfm\/wp-json\/wp\/v2\/tags?post=17796"}],"curies":[{"name":"wp","href":"https:\/\/api.w.org\/{rel}","templated":true}]}}