{"id":17798,"date":"2017-01-11T21:25:16","date_gmt":"2017-01-11T21:25:16","guid":{"rendered":""},"modified":"2017-01-11T21:25:16","modified_gmt":"2017-01-11T21:25:16","slug":"realizan-en-darien-xix-torneo-interprovincial-de-amazonas","status":"publish","type":"post","link":"https:\/\/sertv.gob.pa\/nacionalfm\/realizan-en-darien-xix-torneo-interprovincial-de-amazonas\/","title":{"rendered":"Realizan en Dari\u00e9n XIX Torneo Interprovincial de Amazonas"},"content":{"rendered":"<p>\nEn el pasado fin de semana se celebr\u00f3 en la provincia de Dari\u00e9n el XIX Interprovincial de Amazon as en la pista del Punuloso, con gran nivel competitivo y t\u00e9cnico, donde m\u00e1s de 100 chicas de distintas categor\u00edas vieron acci\u00f3n en las modalidades de polo y barriles en un evento organizado por la Federaci\u00f3n Paname\u00f1a de Amazonas. <\/p>\n<p>Para Esthela Otero, presidenta de la Fepam, fue un evento muy bien organizado en todos los aspectos con una pista de competencias de lujo donde se pudieron lograr 4 registros de 21 segundos en las categor\u00edas infantiles y adultos mientras que en la prueba de barriles se dieron interesantes registros con tiempos de 16 segundos. <\/p>\n<p>En la modalidad barriles tenemos que en la categor\u00eda pre-infantil se alz\u00f3 con la victoria Andrea Atencio de la provincia de Veraguas con la cabalgadura de Perjurio con un acumulado de 78.87. En la infantil, el primer lugar fue para Javiely Quintero de Panam\u00e1 Oeste con el ejemplar Tentaci\u00f3n (67.103). <\/p>\n<p>En la juvenil, la sante\u00f1a Samanta Delgado se llev\u00f3 los honores con el esquino Dostin (68.807), mientras que la herrerana Yulissa Samaniego brill\u00f3 con luz propia en la divisi\u00f3n de adultas con su bonito animal \u00a0Duke Rebel (67.427); y en la master la ganadora fue la darienita Keyla Fr\u00edas de Bonilla con su yegua Star Heydi Pistol (68.249). <\/p>\n<p>En las pruebas de polo tenemos que la verag\u00fcense Atencio volvi\u00f3 ba\u00f1arse de gloria al ganar con Perjurio el primer lugar de la pre-infantil con un acumulado de 114.232; en la infantil, el primer puesto fue tambi\u00e9n para Quintero de Panam\u00e1 Oeste (92.641), mientras que en la juvenil se destac\u00f3 Yennifer Barrios de Panam\u00e1 Oeste (95.736), en la mayor la herrerana Marylena Vega se llev\u00f3 la victoria \u00a0(92.385) y cerr\u00f3 el evento con broche de oro con el triunfo de Karina Echevers (93.716) en la m\u00e1ster. <\/p>\n<p>\u00a0 <\/p>\n","protected":false},"excerpt":{"rendered":"<p>En el pasado fin de semana se celebr\u00f3 en la <a href=\"https:\/\/sertv.gob.pa\/nacionalfm\/realizan-en-darien-xix-torneo-interprovincial-de-amazonas\/\"> [&#8230;]<\/a><\/p>\n","protected":false},"author":1,"featured_media":17799,"comment_status":"closed","ping_status":"closed","sticky":false,"template":"","format":"standard","meta":{"footnotes":""},"categories":[4],"tags":[],"class_list":["post-17798","post","type-post","status-publish","format-standard","has-post-thumbnail","hentry","category-deportes"],"_links":{"self":[{"href":"https:\/\/sertv.gob.pa\/nacionalfm\/wp-json\/wp\/v2\/posts\/17798","targetHints":{"allow":["GET"]}}],"collection":[{"href":"https:\/\/sertv.gob.pa\/nacionalfm\/wp-json\/wp\/v2\/posts"}],"about":[{"href":"https:\/\/sertv.gob.pa\/nacionalfm\/wp-json\/wp\/v2\/types\/post"}],"author":[{"embeddable":true,"href":"https:\/\/sertv.gob.pa\/nacionalfm\/wp-json\/wp\/v2\/users\/1"}],"replies":[{"embeddable":true,"href":"https:\/\/sertv.gob.pa\/nacionalfm\/wp-json\/wp\/v2\/comments?post=17798"}],"version-history":[{"count":0,"href":"https:\/\/sertv.gob.pa\/nacionalfm\/wp-json\/wp\/v2\/posts\/17798\/revisions"}],"wp:featuredmedia":[{"embeddable":true,"href":"https:\/\/sertv.gob.pa\/nacionalfm\/wp-json\/wp\/v2\/media\/17799"}],"wp:attachment":[{"href":"https:\/\/sertv.gob.pa\/nacionalfm\/wp-json\/wp\/v2\/media?parent=17798"}],"wp:term":[{"taxonomy":"category","embeddable":true,"href":"https:\/\/sertv.gob.pa\/nacionalfm\/wp-json\/wp\/v2\/categories?post=17798"},{"taxonomy":"post_tag","embeddable":true,"href":"https:\/\/sertv.gob.pa\/nacionalfm\/wp-json\/wp\/v2\/tags?post=17798"}],"curies":[{"name":"wp","href":"https:\/\/api.w.org\/{rel}","templated":true}]}}