{"id":17814,"date":"2017-01-12T21:37:05","date_gmt":"2017-01-12T21:37:05","guid":{"rendered":""},"modified":"2017-01-12T21:37:05","modified_gmt":"2017-01-12T21:37:05","slug":"panama-oeste-y-los-indios-de-veraguas-hoy-en-el-omar-torrijos","status":"publish","type":"post","link":"https:\/\/sertv.gob.pa\/nacionalfm\/panama-oeste-y-los-indios-de-veraguas-hoy-en-el-omar-torrijos\/","title":{"rendered":"Panam\u00e1 Oeste y Los Indios de Veraguas hoy en el Omar Torrijos"},"content":{"rendered":"<p>\nEn el Campeonato Nacional de B\u00e9isbol Juvenil se enfrentan hoy en el Estadio Omar Torrijos Panam\u00e1 Oeste frente a Veraguas, Panam\u00e1 Metro y Herrera se miden en el estadio Rico Cede\u00f1o de Chitr\u00e9, en partido que ser\u00e1 transmitido por Nacional FM. <\/p>\n<p>Panam\u00e1 Este y Los Santos se enfrentan en el Estadio Olmedo Sol\u00e9 de Las Tablas, Dari\u00e9n visita a Chiriqu\u00ed Occidente en el Glorias Deportivas Baruenses y Cocl\u00e9 se enfrenta a Chiriqu\u00ed en el estadio C. Alvarado M. <\/p>\n","protected":false},"excerpt":{"rendered":"<p>En el Campeonato Nacional de B\u00e9isbol Juvenil se enfrentan hoy <a href=\"https:\/\/sertv.gob.pa\/nacionalfm\/panama-oeste-y-los-indios-de-veraguas-hoy-en-el-omar-torrijos\/\"> [&#8230;]<\/a><\/p>\n","protected":false},"author":1,"featured_media":17815,"comment_status":"closed","ping_status":"closed","sticky":false,"template":"","format":"standard","meta":{"footnotes":""},"categories":[4],"tags":[],"class_list":["post-17814","post","type-post","status-publish","format-standard","has-post-thumbnail","hentry","category-deportes"],"_links":{"self":[{"href":"https:\/\/sertv.gob.pa\/nacionalfm\/wp-json\/wp\/v2\/posts\/17814","targetHints":{"allow":["GET"]}}],"collection":[{"href":"https:\/\/sertv.gob.pa\/nacionalfm\/wp-json\/wp\/v2\/posts"}],"about":[{"href":"https:\/\/sertv.gob.pa\/nacionalfm\/wp-json\/wp\/v2\/types\/post"}],"author":[{"embeddable":true,"href":"https:\/\/sertv.gob.pa\/nacionalfm\/wp-json\/wp\/v2\/users\/1"}],"replies":[{"embeddable":true,"href":"https:\/\/sertv.gob.pa\/nacionalfm\/wp-json\/wp\/v2\/comments?post=17814"}],"version-history":[{"count":0,"href":"https:\/\/sertv.gob.pa\/nacionalfm\/wp-json\/wp\/v2\/posts\/17814\/revisions"}],"wp:featuredmedia":[{"embeddable":true,"href":"https:\/\/sertv.gob.pa\/nacionalfm\/wp-json\/wp\/v2\/media\/17815"}],"wp:attachment":[{"href":"https:\/\/sertv.gob.pa\/nacionalfm\/wp-json\/wp\/v2\/media?parent=17814"}],"wp:term":[{"taxonomy":"category","embeddable":true,"href":"https:\/\/sertv.gob.pa\/nacionalfm\/wp-json\/wp\/v2\/categories?post=17814"},{"taxonomy":"post_tag","embeddable":true,"href":"https:\/\/sertv.gob.pa\/nacionalfm\/wp-json\/wp\/v2\/tags?post=17814"}],"curies":[{"name":"wp","href":"https:\/\/api.w.org\/{rel}","templated":true}]}}