{"id":17816,"date":"2017-01-12T21:56:22","date_gmt":"2017-01-12T21:56:22","guid":{"rendered":""},"modified":"2017-01-12T21:56:22","modified_gmt":"2017-01-12T21:56:22","slug":"confirman-participacion-de-atheyna-bylon-en-bulgaria","status":"publish","type":"post","link":"https:\/\/sertv.gob.pa\/nacionalfm\/confirman-participacion-de-atheyna-bylon-en-bulgaria\/","title":{"rendered":"Confirman participaci\u00f3n de Atheyna Bylon en Bulgaria"},"content":{"rendered":"<p>\nEl presidente de la Federaci\u00f3n Ol\u00edmpico de Panam\u00e1 Tom\u00e1s Cianca confirm\u00f3 la participaci\u00f3n de\u00a0 la campeona mundial Atheyna Bylon en la Copa Strandja en Bulgaria, que se disputar\u00e1 del 20 al 27 de febrero. <\/p>\n<p>Se est\u00e1 enviando nota al Instituto Paname\u00f1o de Deportes para solicitar los boletos a\u00e9reos y hospedaje. <\/p>\n<p>Atheyna Bylon ser\u00e1 acompa\u00f1ada por el entrenador Gustavo Caicedo, quien como p\u00fagil ol\u00edmpico fue campe\u00f3n centroamericano, campe\u00f3n Guantes de Oro y campe\u00f3n Interzona de la Polic\u00eda Nacional en varias oportunidades. <\/p>\n","protected":false},"excerpt":{"rendered":"<p>El presidente de la Federaci\u00f3n Ol\u00edmpico de Panam\u00e1 Tom\u00e1s Cianca <a href=\"https:\/\/sertv.gob.pa\/nacionalfm\/confirman-participacion-de-atheyna-bylon-en-bulgaria\/\"> [&#8230;]<\/a><\/p>\n","protected":false},"author":1,"featured_media":17817,"comment_status":"closed","ping_status":"closed","sticky":false,"template":"","format":"standard","meta":{"footnotes":""},"categories":[4],"tags":[],"class_list":["post-17816","post","type-post","status-publish","format-standard","has-post-thumbnail","hentry","category-deportes"],"_links":{"self":[{"href":"https:\/\/sertv.gob.pa\/nacionalfm\/wp-json\/wp\/v2\/posts\/17816","targetHints":{"allow":["GET"]}}],"collection":[{"href":"https:\/\/sertv.gob.pa\/nacionalfm\/wp-json\/wp\/v2\/posts"}],"about":[{"href":"https:\/\/sertv.gob.pa\/nacionalfm\/wp-json\/wp\/v2\/types\/post"}],"author":[{"embeddable":true,"href":"https:\/\/sertv.gob.pa\/nacionalfm\/wp-json\/wp\/v2\/users\/1"}],"replies":[{"embeddable":true,"href":"https:\/\/sertv.gob.pa\/nacionalfm\/wp-json\/wp\/v2\/comments?post=17816"}],"version-history":[{"count":0,"href":"https:\/\/sertv.gob.pa\/nacionalfm\/wp-json\/wp\/v2\/posts\/17816\/revisions"}],"wp:featuredmedia":[{"embeddable":true,"href":"https:\/\/sertv.gob.pa\/nacionalfm\/wp-json\/wp\/v2\/media\/17817"}],"wp:attachment":[{"href":"https:\/\/sertv.gob.pa\/nacionalfm\/wp-json\/wp\/v2\/media?parent=17816"}],"wp:term":[{"taxonomy":"category","embeddable":true,"href":"https:\/\/sertv.gob.pa\/nacionalfm\/wp-json\/wp\/v2\/categories?post=17816"},{"taxonomy":"post_tag","embeddable":true,"href":"https:\/\/sertv.gob.pa\/nacionalfm\/wp-json\/wp\/v2\/tags?post=17816"}],"curies":[{"name":"wp","href":"https:\/\/api.w.org\/{rel}","templated":true}]}}