{"id":17818,"date":"2017-01-12T22:15:46","date_gmt":"2017-01-12T22:15:46","guid":{"rendered":""},"modified":"2017-01-12T22:15:46","modified_gmt":"2017-01-12T22:15:46","slug":"realizan-ii-capacitacion-para-karate-inclusivo","status":"publish","type":"post","link":"https:\/\/sertv.gob.pa\/nacionalfm\/realizan-ii-capacitacion-para-karate-inclusivo\/","title":{"rendered":"Realizan II capacitaci\u00f3n para Karate Inclusivo"},"content":{"rendered":"<p>\nEduardo Fr\u00edas presidente de la Fundaci\u00f3n de Desarrollo Senshi (FUNDESEN) en visita realizada al Instituto Paname\u00f1o de Deporte dio a conocer que ya tiene fecha para la segunda capacitaci\u00f3n del Karate Inclusivo. <\/p>\n<p>Fr\u00edas dio a conocer que la capacitaci\u00f3n se llevar\u00e1 los d\u00edas 26 y 27 de enero en el sal\u00f3n de conferencias de PANDEPORTES \u00a0y tendr\u00e1 como expositora la doctora Melina Mancuso que tratar\u00e1 el tema: Trastorno del espectro autista. <\/p>\n<p>&ldquo;El objetivo es preparar a los entrenadores de karate con la metodolog\u00eda para poder ense\u00f1ar a los ni\u00f1os con discapacidad y forma parte del programa inclusivo 2017&rdquo;, destac\u00f3 el dirigente. <\/p>\n<p>La primera capacitaci\u00f3n se efectuar\u00e1 15 y 16 de enero y el tema ser\u00e1 la sensibilizaci\u00f3n mientras que la tercera cl\u00ednica se realizar\u00e1 el pr\u00f3ximo mes de febrero con el t\u00edtulo: Discapacidad Intelectual. <\/p>\n<p>\u00a0 <\/p>\n","protected":false},"excerpt":{"rendered":"<p>Eduardo Fr\u00edas presidente de la Fundaci\u00f3n de Desarrollo Senshi (FUNDESEN) <a href=\"https:\/\/sertv.gob.pa\/nacionalfm\/realizan-ii-capacitacion-para-karate-inclusivo\/\"> [&#8230;]<\/a><\/p>\n","protected":false},"author":1,"featured_media":17819,"comment_status":"closed","ping_status":"closed","sticky":false,"template":"","format":"standard","meta":{"footnotes":""},"categories":[4],"tags":[],"class_list":["post-17818","post","type-post","status-publish","format-standard","has-post-thumbnail","hentry","category-deportes"],"_links":{"self":[{"href":"https:\/\/sertv.gob.pa\/nacionalfm\/wp-json\/wp\/v2\/posts\/17818","targetHints":{"allow":["GET"]}}],"collection":[{"href":"https:\/\/sertv.gob.pa\/nacionalfm\/wp-json\/wp\/v2\/posts"}],"about":[{"href":"https:\/\/sertv.gob.pa\/nacionalfm\/wp-json\/wp\/v2\/types\/post"}],"author":[{"embeddable":true,"href":"https:\/\/sertv.gob.pa\/nacionalfm\/wp-json\/wp\/v2\/users\/1"}],"replies":[{"embeddable":true,"href":"https:\/\/sertv.gob.pa\/nacionalfm\/wp-json\/wp\/v2\/comments?post=17818"}],"version-history":[{"count":0,"href":"https:\/\/sertv.gob.pa\/nacionalfm\/wp-json\/wp\/v2\/posts\/17818\/revisions"}],"wp:featuredmedia":[{"embeddable":true,"href":"https:\/\/sertv.gob.pa\/nacionalfm\/wp-json\/wp\/v2\/media\/17819"}],"wp:attachment":[{"href":"https:\/\/sertv.gob.pa\/nacionalfm\/wp-json\/wp\/v2\/media?parent=17818"}],"wp:term":[{"taxonomy":"category","embeddable":true,"href":"https:\/\/sertv.gob.pa\/nacionalfm\/wp-json\/wp\/v2\/categories?post=17818"},{"taxonomy":"post_tag","embeddable":true,"href":"https:\/\/sertv.gob.pa\/nacionalfm\/wp-json\/wp\/v2\/tags?post=17818"}],"curies":[{"name":"wp","href":"https:\/\/api.w.org\/{rel}","templated":true}]}}