{"id":17834,"date":"2017-01-13T21:47:10","date_gmt":"2017-01-13T21:47:10","guid":{"rendered":""},"modified":"2017-01-13T21:47:10","modified_gmt":"2017-01-13T21:47:10","slug":"moderno-complejo-deportivo-para-colegio-elena-ch-de-pinate","status":"publish","type":"post","link":"https:\/\/sertv.gob.pa\/nacionalfm\/moderno-complejo-deportivo-para-colegio-elena-ch-de-pinate\/","title":{"rendered":"Moderno Complejo Deportivo para Colegio Elena Ch. de Pinate"},"content":{"rendered":"<p>\n Al continuar con el uso de los fondos que proporciona la descentralizaci\u00f3n la Alcald\u00eda de Panam\u00e1 entreg\u00f3 Orden de Proceder a la empresa J.J. Arquitectura e Ingenier\u00eda S.A., con el fin de que se culminen los trabajos de construcci\u00f3n del nuevo y moderno Complejo Deportivo del Colegio Elena Ch\u00e1vez de Pinate ubicado en el corregimiento de Juan D\u00edaz.  <\/p>\n<p> \u00a0  La obra incluye el remozamiento de la cancha de f\u00fatbol, con cerca nueva, sistema pluvial, grama sint\u00e9tica, iluminaci\u00f3n y grader\u00edas para quinientas personas, as\u00ed como la remodelaci\u00f3n de las dos canchas multiusos con piso nuevo, grader\u00edas m\u00f3viles y sistema de iluminaci\u00f3n de exteriores.  <\/p>\n<p> En cuanto al \u00e1rea social, se crear\u00e1 una casa club, adem\u00e1s se remodelar\u00e1 el gimnasio con el reemplazo del techo, la colocaci\u00f3n de un nuevo sistema el\u00e9ctrico, reparaci\u00f3n de pisos, pintura y grader\u00edas. El proyecto contempla la construcci\u00f3n de estacionamientos.  <\/p>\n<p> Hugo Cuellar, director de proyectos de la empresa hizo \u00e9nfasis en que se estar\u00e1n cumpliendo con los requisitos exigidos y que se comenzar\u00e1 con el gimnasio para afectar lo menos posibles a estudiantes y profesores. Adem\u00e1s, agreg\u00f3 que la cancha de futbol cumple los requisitos de la FIFA y se realizar\u00e1 con materiales nuevos y adaptados para el clima paname\u00f1o.  <\/p>\n<p> Por su parte, el alcalde de Panam\u00e1, Jos\u00e9 Bland\u00f3n Figueroa se\u00f1al\u00f3 que este proyecto es parte de los programas que desarrolla la Alcald\u00eda. El primer proyecto fue desarrollado en la Escuela Belisario Porras y el tercero ser\u00e1 desarrollado en el Colegio Artes y Oficios. Todos con los fondos proporcionados por la descentralizaci\u00f3n.  <\/p>\n<p> El municipio invertir\u00e1 $2.7 millones para esta obra, que tambi\u00e9n incluye, por parte de la empresa, el dise\u00f1o final, estudios de suelos, desarrollo de planos de construcci\u00f3n, especificaciones t\u00e9cnicas, suministro de materiales y ejecuci\u00f3n de la obra; mientras que la Alcald\u00eda se encarga del mantenimiento de estas estructuras deportivas.  <\/p>\n<p> La remodelaci\u00f3n del complejo deportivo es parte de un convenio que se firm\u00f3 entre el Ministerio de Educaci\u00f3n (Meduca) y la Alcald\u00eda de Panam\u00e1 para mejorar las \u00e1reas deportivas y de espacios donde se puedan desarrollar actividades culturales que dispongan los centros educativos, beneficiando no solo a la poblaci\u00f3n estudiantil, sino que al finalizar las jornadas escolares, los residentes puedan desarrollar actividades deportivas, familiares, art\u00edsticas y culturales.  <\/p>\n<p> \u00a0  <\/p>\n","protected":false},"excerpt":{"rendered":"<p>Al continuar con el uso de los fondos que proporciona <a href=\"https:\/\/sertv.gob.pa\/nacionalfm\/moderno-complejo-deportivo-para-colegio-elena-ch-de-pinate\/\"> [&#8230;]<\/a><\/p>\n","protected":false},"author":1,"featured_media":17835,"comment_status":"closed","ping_status":"closed","sticky":false,"template":"","format":"standard","meta":{"footnotes":""},"categories":[4],"tags":[],"class_list":["post-17834","post","type-post","status-publish","format-standard","has-post-thumbnail","hentry","category-deportes"],"_links":{"self":[{"href":"https:\/\/sertv.gob.pa\/nacionalfm\/wp-json\/wp\/v2\/posts\/17834","targetHints":{"allow":["GET"]}}],"collection":[{"href":"https:\/\/sertv.gob.pa\/nacionalfm\/wp-json\/wp\/v2\/posts"}],"about":[{"href":"https:\/\/sertv.gob.pa\/nacionalfm\/wp-json\/wp\/v2\/types\/post"}],"author":[{"embeddable":true,"href":"https:\/\/sertv.gob.pa\/nacionalfm\/wp-json\/wp\/v2\/users\/1"}],"replies":[{"embeddable":true,"href":"https:\/\/sertv.gob.pa\/nacionalfm\/wp-json\/wp\/v2\/comments?post=17834"}],"version-history":[{"count":0,"href":"https:\/\/sertv.gob.pa\/nacionalfm\/wp-json\/wp\/v2\/posts\/17834\/revisions"}],"wp:featuredmedia":[{"embeddable":true,"href":"https:\/\/sertv.gob.pa\/nacionalfm\/wp-json\/wp\/v2\/media\/17835"}],"wp:attachment":[{"href":"https:\/\/sertv.gob.pa\/nacionalfm\/wp-json\/wp\/v2\/media?parent=17834"}],"wp:term":[{"taxonomy":"category","embeddable":true,"href":"https:\/\/sertv.gob.pa\/nacionalfm\/wp-json\/wp\/v2\/categories?post=17834"},{"taxonomy":"post_tag","embeddable":true,"href":"https:\/\/sertv.gob.pa\/nacionalfm\/wp-json\/wp\/v2\/tags?post=17834"}],"curies":[{"name":"wp","href":"https:\/\/api.w.org\/{rel}","templated":true}]}}