{"id":17906,"date":"2017-01-19T18:16:10","date_gmt":"2017-01-19T18:16:10","guid":{"rendered":""},"modified":"2017-01-19T18:16:10","modified_gmt":"2017-01-19T18:16:10","slug":"en-san-miguelito-aumentan-los-casos-de-diarrea","status":"publish","type":"post","link":"https:\/\/sertv.gob.pa\/nacionalfm\/en-san-miguelito-aumentan-los-casos-de-diarrea\/","title":{"rendered":"En San Miguelito aumentan los casos de diarrea"},"content":{"rendered":"<p>\n El incremento de los casos de diarrea mantiene alarmadas a las autoridades en San Miguelito, asegur\u00f3\u00a0 el director regional de Salud de este sector de la capital Juan Biebarach.  <\/p>\n<p>Aproximadamente 35 mil casos de diarrea fueron registrados en 2016, en comparaci\u00f3n con los 29 mil 600 que se dieron en 2015. <\/p>\n<p>La situaci\u00f3n es alarmante porque de los 35 mil casos, unos 12 mil 900 son menores de 5 a\u00f1os. <\/p>\n<p>Biebarach manifest\u00f3 que los factores que influyen son el consumo de alimentos mal procesados y en mal estado. <\/p>\n<p>En tanto, la regi\u00f3n de salud de San Miguelito desarrolla constantes operativos en los expendios de alimentos, para conocer los factores de riesgos que inducen a estas enfermedades. <\/p>\n<p>Biebarach se\u00f1al\u00f3 tambi\u00e9n que muchos no cumplen con el carn\u00e9 de salud, que es vital para la manipulaci\u00f3n de los alimentos. <\/p>\n<p>Casi 20 locales de expendio de comida fueron suspendidos en 2016. <\/p>\n<p>Sin embargo, Bieberach expres\u00f3 que la educaci\u00f3n debe hacerse con la poblaci\u00f3n, quien es la que tiene que procurar no ingerir esta clase de alimentos que desencadenan enfermedades. <\/p>\n<p>\u00a0 <\/p>\n","protected":false},"excerpt":{"rendered":"<p>El incremento de los casos de diarrea mantiene alarmadas a <a href=\"https:\/\/sertv.gob.pa\/nacionalfm\/en-san-miguelito-aumentan-los-casos-de-diarrea\/\"> [&#8230;]<\/a><\/p>\n","protected":false},"author":1,"featured_media":17907,"comment_status":"closed","ping_status":"closed","sticky":false,"template":"","format":"standard","meta":{"footnotes":""},"categories":[5],"tags":[],"class_list":["post-17906","post","type-post","status-publish","format-standard","has-post-thumbnail","hentry","category-salud"],"_links":{"self":[{"href":"https:\/\/sertv.gob.pa\/nacionalfm\/wp-json\/wp\/v2\/posts\/17906","targetHints":{"allow":["GET"]}}],"collection":[{"href":"https:\/\/sertv.gob.pa\/nacionalfm\/wp-json\/wp\/v2\/posts"}],"about":[{"href":"https:\/\/sertv.gob.pa\/nacionalfm\/wp-json\/wp\/v2\/types\/post"}],"author":[{"embeddable":true,"href":"https:\/\/sertv.gob.pa\/nacionalfm\/wp-json\/wp\/v2\/users\/1"}],"replies":[{"embeddable":true,"href":"https:\/\/sertv.gob.pa\/nacionalfm\/wp-json\/wp\/v2\/comments?post=17906"}],"version-history":[{"count":0,"href":"https:\/\/sertv.gob.pa\/nacionalfm\/wp-json\/wp\/v2\/posts\/17906\/revisions"}],"wp:featuredmedia":[{"embeddable":true,"href":"https:\/\/sertv.gob.pa\/nacionalfm\/wp-json\/wp\/v2\/media\/17907"}],"wp:attachment":[{"href":"https:\/\/sertv.gob.pa\/nacionalfm\/wp-json\/wp\/v2\/media?parent=17906"}],"wp:term":[{"taxonomy":"category","embeddable":true,"href":"https:\/\/sertv.gob.pa\/nacionalfm\/wp-json\/wp\/v2\/categories?post=17906"},{"taxonomy":"post_tag","embeddable":true,"href":"https:\/\/sertv.gob.pa\/nacionalfm\/wp-json\/wp\/v2\/tags?post=17906"}],"curies":[{"name":"wp","href":"https:\/\/api.w.org\/{rel}","templated":true}]}}