{"id":1794,"date":"2014-10-02T05:00:00","date_gmt":"2014-10-02T05:00:00","guid":{"rendered":""},"modified":"2014-10-02T05:00:00","modified_gmt":"2014-10-02T05:00:00","slug":"vitamina-d-contra-la-demencia","status":"publish","type":"post","link":"https:\/\/sertv.gob.pa\/nacionalfm\/vitamina-d-contra-la-demencia\/","title":{"rendered":"Vitamina D contra la demencia"},"content":{"rendered":"<p>\nLa vitamina D es especial. No se disuelve en agua sino en aceites y grasas y se sintetiza en la piel luego de la exposici\u00f3n a la radiaci\u00f3n ultravioleta. Inicialmente se pensaba que adecuados niveles de vitamina D aseguraban niveles \u00f3ptimos de calcio y f\u00f3sforo y promov\u00eda el bienestar de nuestros huesos. <\/p>\n<p>No obstante, un n\u00famero creciente de publicaciones muestran que niveles adecuados igualmente son necesarios para reducir el peligro a desarrollar un repertorio variado de enfermedades incluyendo c\u00e1ncer, enfermedades respiratorias, enfermedad cardiovascular, autoinmunes y hasta neurol\u00f3gicas.\u00a0 @nacionalFm <\/p>\n<p>\u00a0 <\/p>\n","protected":false},"excerpt":{"rendered":"<p>La vitamina D es especial. No se disuelve en agua <a href=\"https:\/\/sertv.gob.pa\/nacionalfm\/vitamina-d-contra-la-demencia\/\"> [&#8230;]<\/a><\/p>\n","protected":false},"author":1,"featured_media":1795,"comment_status":"closed","ping_status":"closed","sticky":false,"template":"","format":"standard","meta":{"footnotes":""},"categories":[5],"tags":[],"class_list":["post-1794","post","type-post","status-publish","format-standard","has-post-thumbnail","hentry","category-salud"],"_links":{"self":[{"href":"https:\/\/sertv.gob.pa\/nacionalfm\/wp-json\/wp\/v2\/posts\/1794","targetHints":{"allow":["GET"]}}],"collection":[{"href":"https:\/\/sertv.gob.pa\/nacionalfm\/wp-json\/wp\/v2\/posts"}],"about":[{"href":"https:\/\/sertv.gob.pa\/nacionalfm\/wp-json\/wp\/v2\/types\/post"}],"author":[{"embeddable":true,"href":"https:\/\/sertv.gob.pa\/nacionalfm\/wp-json\/wp\/v2\/users\/1"}],"replies":[{"embeddable":true,"href":"https:\/\/sertv.gob.pa\/nacionalfm\/wp-json\/wp\/v2\/comments?post=1794"}],"version-history":[{"count":0,"href":"https:\/\/sertv.gob.pa\/nacionalfm\/wp-json\/wp\/v2\/posts\/1794\/revisions"}],"wp:featuredmedia":[{"embeddable":true,"href":"https:\/\/sertv.gob.pa\/nacionalfm\/wp-json\/wp\/v2\/media\/1795"}],"wp:attachment":[{"href":"https:\/\/sertv.gob.pa\/nacionalfm\/wp-json\/wp\/v2\/media?parent=1794"}],"wp:term":[{"taxonomy":"category","embeddable":true,"href":"https:\/\/sertv.gob.pa\/nacionalfm\/wp-json\/wp\/v2\/categories?post=1794"},{"taxonomy":"post_tag","embeddable":true,"href":"https:\/\/sertv.gob.pa\/nacionalfm\/wp-json\/wp\/v2\/tags?post=1794"}],"curies":[{"name":"wp","href":"https:\/\/api.w.org\/{rel}","templated":true}]}}