{"id":1796,"date":"2014-10-02T05:00:00","date_gmt":"2014-10-02T05:00:00","guid":{"rendered":""},"modified":"2014-10-02T05:00:00","modified_gmt":"2014-10-02T05:00:00","slug":"en-hawai-posible-caso-del-virus-del-ebola","status":"publish","type":"post","link":"https:\/\/sertv.gob.pa\/nacionalfm\/en-hawai-posible-caso-del-virus-del-ebola\/","title":{"rendered":"En Hawai posible caso del virus del \u00e9bola"},"content":{"rendered":"<p>\nEl Departamento de Salud del Estado de Hawai ha comunicado que un paciente internado en un hospital de Honolulu fue puesto en aislamiento este mi\u00e9rcoles y oficiales no descartan la posibilidad de que el individuo haya contra\u00eddo el virus del \u00e9bola. <\/p>\n<p>El paciente ingres\u00f3 el mi\u00e9rcoles en la ma\u00f1ana al hospital y actualmente est\u00e1 siendo sometido a diversas pruebas, seg\u00fan el Departamento de Salud. Cualquier prueba para comprobar el virus del \u00e9bola deber\u00e1 ser enviada a Estados Unidos continental para ser analizada. Hasta el mi\u00e9rcoles en la tarde, el sujeto no hab\u00eda sido examinado para confirmar si contrajo el virus del \u00e9bola. <\/p>\n<p>\u00abNo sabemos por qu\u00e9 la persona est\u00e1 enferma\u00bb, expres\u00f3 la doctora Melissa Viray del Departamento de Salud en Hawai. \u00abPero ya que tenemos preocupaciones en cuanto al virus del \u00e9bola, estamos tomando todas las precauciones necesarias para mantener a la gente a salvo\u00bb, a\u00f1adi\u00f3.\u00a0 @nacionalFm <\/p>\n<p>\u00a0 <\/p>\n","protected":false},"excerpt":{"rendered":"<p>El Departamento de Salud del Estado de Hawai ha comunicado <a href=\"https:\/\/sertv.gob.pa\/nacionalfm\/en-hawai-posible-caso-del-virus-del-ebola\/\"> [&#8230;]<\/a><\/p>\n","protected":false},"author":1,"featured_media":1797,"comment_status":"closed","ping_status":"closed","sticky":false,"template":"","format":"standard","meta":{"footnotes":""},"categories":[5],"tags":[],"class_list":["post-1796","post","type-post","status-publish","format-standard","has-post-thumbnail","hentry","category-salud"],"_links":{"self":[{"href":"https:\/\/sertv.gob.pa\/nacionalfm\/wp-json\/wp\/v2\/posts\/1796","targetHints":{"allow":["GET"]}}],"collection":[{"href":"https:\/\/sertv.gob.pa\/nacionalfm\/wp-json\/wp\/v2\/posts"}],"about":[{"href":"https:\/\/sertv.gob.pa\/nacionalfm\/wp-json\/wp\/v2\/types\/post"}],"author":[{"embeddable":true,"href":"https:\/\/sertv.gob.pa\/nacionalfm\/wp-json\/wp\/v2\/users\/1"}],"replies":[{"embeddable":true,"href":"https:\/\/sertv.gob.pa\/nacionalfm\/wp-json\/wp\/v2\/comments?post=1796"}],"version-history":[{"count":0,"href":"https:\/\/sertv.gob.pa\/nacionalfm\/wp-json\/wp\/v2\/posts\/1796\/revisions"}],"wp:featuredmedia":[{"embeddable":true,"href":"https:\/\/sertv.gob.pa\/nacionalfm\/wp-json\/wp\/v2\/media\/1797"}],"wp:attachment":[{"href":"https:\/\/sertv.gob.pa\/nacionalfm\/wp-json\/wp\/v2\/media?parent=1796"}],"wp:term":[{"taxonomy":"category","embeddable":true,"href":"https:\/\/sertv.gob.pa\/nacionalfm\/wp-json\/wp\/v2\/categories?post=1796"},{"taxonomy":"post_tag","embeddable":true,"href":"https:\/\/sertv.gob.pa\/nacionalfm\/wp-json\/wp\/v2\/tags?post=1796"}],"curies":[{"name":"wp","href":"https:\/\/api.w.org\/{rel}","templated":true}]}}