{"id":17962,"date":"2017-01-23T18:41:16","date_gmt":"2017-01-23T18:41:16","guid":{"rendered":""},"modified":"2017-01-23T18:41:16","modified_gmt":"2017-01-23T18:41:16","slug":"programa-de-cirugia-de-epilepsia-fue-realizado-en-el-hn","status":"publish","type":"post","link":"https:\/\/sertv.gob.pa\/nacionalfm\/programa-de-cirugia-de-epilepsia-fue-realizado-en-el-hn\/","title":{"rendered":"Programa de Cirug\u00eda de Epilepsia fue realizado en el HN"},"content":{"rendered":"<p>\nEl Hospital del Ni\u00f1o (HN) fue escenario del programa de Cirug\u00eda de Epilepsia efectuada cada a\u00f1o por esta entidad hospitalaria, con la participaci\u00f3n de m\u00e9dicos del Estado de Nueva York y Baylor, Estados Unidos, donde fueron intervenidos quir\u00fargicamente 5 ni\u00f1os con epilepsia refractaria. <\/p>\n<p>El Viceministro de Salud, Dr. Eric Ulloa, quien acudi\u00f3 al Hospital del Ni\u00f1o a visitar a los pacientes, sostuvo que el programa es apoyado por el Despacho de la Primera Dama y el Ministerio de Salud (MINSA). <\/p>\n<p>Explic\u00f3 el Dr. Ulloa que cuando la epilepsia no se controla afecta la educaci\u00f3n y desarrollo de los infantes, por lo cual pierden la oportunidad de progresar. <\/p>\n<p>En esta ocasi\u00f3n se realiz\u00f3 la jornada con pacientes de distintas zonas del pa\u00eds, seleccionando los casos m\u00e1s dif\u00edciles de control y que cumplen caracter\u00edsticas como malformaciones para que puedan ser operados. <\/p>\n<p>Seg\u00fan la Jefa del Departamento de Neurolog\u00eda Pedi\u00e1trica del Hospital del Ni\u00f1o, Dra. Carmen B\u00e1ez, con la epilepsia refractaria se convulsiona todos los d\u00edas y no se controla con f\u00e1rmacos, lo cual es un infante que no s\u00f3lo tiene peligro de muerte, sino que el padecimiento lo va a deteriorar y a la larga el menor ser\u00e1 un ni\u00f1o discapacitado. <\/p>\n<p>La Dra. B\u00e1ez explic\u00f3 que en el mundo hay alrededor de 60 millones de personas con epilepsia, donde 1 de cada 10 personas tiene este padecimiento. En Panam\u00e1 hay 35 mil paname\u00f1os con epilepsia, y cada a\u00f1o hay cerca de 2 mil pacientes diagnosticados, por lo que con estas cirug\u00edas lo que se quiere es mejorar la calidad de vida de los pacientes epil\u00e9pticos. <\/p>\n<p>El m\u00e9dico paname\u00f1o, Dr. Rub\u00e9n Kuzniecky, Jefe de la Unidad de Epilepsia de la Universidad de Nueva York, expres\u00f3 que normalmente intervienen cinco (5) pacientes por semana, pues los casos son bien complicados, pero la intenci\u00f3n es curarlos de la crisis y mejorar la vida de estos pacientes, en donde muchos de ellos son curados a trav\u00e9s de las cirug\u00edas. <\/p>\n<p>\u00a0 <\/p>\n","protected":false},"excerpt":{"rendered":"<p>El Hospital del Ni\u00f1o (HN) fue escenario del programa de <a href=\"https:\/\/sertv.gob.pa\/nacionalfm\/programa-de-cirugia-de-epilepsia-fue-realizado-en-el-hn\/\"> [&#8230;]<\/a><\/p>\n","protected":false},"author":1,"featured_media":17963,"comment_status":"closed","ping_status":"closed","sticky":false,"template":"","format":"standard","meta":{"footnotes":""},"categories":[5],"tags":[],"class_list":["post-17962","post","type-post","status-publish","format-standard","has-post-thumbnail","hentry","category-salud"],"_links":{"self":[{"href":"https:\/\/sertv.gob.pa\/nacionalfm\/wp-json\/wp\/v2\/posts\/17962","targetHints":{"allow":["GET"]}}],"collection":[{"href":"https:\/\/sertv.gob.pa\/nacionalfm\/wp-json\/wp\/v2\/posts"}],"about":[{"href":"https:\/\/sertv.gob.pa\/nacionalfm\/wp-json\/wp\/v2\/types\/post"}],"author":[{"embeddable":true,"href":"https:\/\/sertv.gob.pa\/nacionalfm\/wp-json\/wp\/v2\/users\/1"}],"replies":[{"embeddable":true,"href":"https:\/\/sertv.gob.pa\/nacionalfm\/wp-json\/wp\/v2\/comments?post=17962"}],"version-history":[{"count":0,"href":"https:\/\/sertv.gob.pa\/nacionalfm\/wp-json\/wp\/v2\/posts\/17962\/revisions"}],"wp:featuredmedia":[{"embeddable":true,"href":"https:\/\/sertv.gob.pa\/nacionalfm\/wp-json\/wp\/v2\/media\/17963"}],"wp:attachment":[{"href":"https:\/\/sertv.gob.pa\/nacionalfm\/wp-json\/wp\/v2\/media?parent=17962"}],"wp:term":[{"taxonomy":"category","embeddable":true,"href":"https:\/\/sertv.gob.pa\/nacionalfm\/wp-json\/wp\/v2\/categories?post=17962"},{"taxonomy":"post_tag","embeddable":true,"href":"https:\/\/sertv.gob.pa\/nacionalfm\/wp-json\/wp\/v2\/tags?post=17962"}],"curies":[{"name":"wp","href":"https:\/\/api.w.org\/{rel}","templated":true}]}}