{"id":17966,"date":"2017-01-23T19:25:47","date_gmt":"2017-01-23T19:25:47","guid":{"rendered":""},"modified":"2017-01-23T19:25:47","modified_gmt":"2017-01-23T19:25:47","slug":"el-pan-tostado-puede-ocasionar-cancer","status":"publish","type":"post","link":"https:\/\/sertv.gob.pa\/nacionalfm\/el-pan-tostado-puede-ocasionar-cancer\/","title":{"rendered":"El pan tostado puede ocasionar c\u00e1ncer"},"content":{"rendered":"<p>\nCocinar a altas temperaturas alimentos ricos en almid\u00f3n como el pan, puede ocasionarte c\u00e1ncer,\u00a0 as\u00ed lo dio a conocer \u00a0la Agencia de Est\u00e1ndares Alimenticios del Reino Unido (FSA, por sus siglas en ingl\u00e9s) quien ha lanzado una campa\u00f1a de prevenci\u00f3n sobre el peligro de c\u00e1ncer asociado. <\/p>\n<p>De acuerdo a la FSA, la cocci\u00f3n excesiva de estos alimentos incrementa los niveles de acrilamida, una sustancia cancer\u00edgena. Este producto qu\u00edmico se usa en muchos procesos industriales e igualmente se halla en algunos alimentos. <\/p>\n<p>\u00abCuando se cocinan a temperaturas superiores a 120 grados Celsius. Esta sustancia tambi\u00e9n puede estar presente en los cereales, las galletas y el caf\u00e9\u00bb, explicaron. <\/p>\n","protected":false},"excerpt":{"rendered":"<p>Cocinar a altas temperaturas alimentos ricos en almid\u00f3n como el <a href=\"https:\/\/sertv.gob.pa\/nacionalfm\/el-pan-tostado-puede-ocasionar-cancer\/\"> [&#8230;]<\/a><\/p>\n","protected":false},"author":1,"featured_media":17967,"comment_status":"closed","ping_status":"closed","sticky":false,"template":"","format":"standard","meta":{"footnotes":""},"categories":[5],"tags":[],"class_list":["post-17966","post","type-post","status-publish","format-standard","has-post-thumbnail","hentry","category-salud"],"_links":{"self":[{"href":"https:\/\/sertv.gob.pa\/nacionalfm\/wp-json\/wp\/v2\/posts\/17966","targetHints":{"allow":["GET"]}}],"collection":[{"href":"https:\/\/sertv.gob.pa\/nacionalfm\/wp-json\/wp\/v2\/posts"}],"about":[{"href":"https:\/\/sertv.gob.pa\/nacionalfm\/wp-json\/wp\/v2\/types\/post"}],"author":[{"embeddable":true,"href":"https:\/\/sertv.gob.pa\/nacionalfm\/wp-json\/wp\/v2\/users\/1"}],"replies":[{"embeddable":true,"href":"https:\/\/sertv.gob.pa\/nacionalfm\/wp-json\/wp\/v2\/comments?post=17966"}],"version-history":[{"count":0,"href":"https:\/\/sertv.gob.pa\/nacionalfm\/wp-json\/wp\/v2\/posts\/17966\/revisions"}],"wp:featuredmedia":[{"embeddable":true,"href":"https:\/\/sertv.gob.pa\/nacionalfm\/wp-json\/wp\/v2\/media\/17967"}],"wp:attachment":[{"href":"https:\/\/sertv.gob.pa\/nacionalfm\/wp-json\/wp\/v2\/media?parent=17966"}],"wp:term":[{"taxonomy":"category","embeddable":true,"href":"https:\/\/sertv.gob.pa\/nacionalfm\/wp-json\/wp\/v2\/categories?post=17966"},{"taxonomy":"post_tag","embeddable":true,"href":"https:\/\/sertv.gob.pa\/nacionalfm\/wp-json\/wp\/v2\/tags?post=17966"}],"curies":[{"name":"wp","href":"https:\/\/api.w.org\/{rel}","templated":true}]}}