{"id":17990,"date":"2017-01-24T18:41:20","date_gmt":"2017-01-24T18:41:20","guid":{"rendered":""},"modified":"2017-01-24T18:41:20","modified_gmt":"2017-01-24T18:41:20","slug":"entre-esquizofrenia-y-adiccion-a-la-nicotina-existe-una-relacion","status":"publish","type":"post","link":"https:\/\/sertv.gob.pa\/nacionalfm\/entre-esquizofrenia-y-adiccion-a-la-nicotina-existe-una-relacion\/","title":{"rendered":"Entre esquizofrenia y adicci\u00f3n a la nicotina existe una relaci\u00f3n"},"content":{"rendered":"<p>\nCient\u00edficos franceses desvelan en un estudio publicado \u00a0en la revista Nature Medicine los mecanismos cerebrales que pueden explicar la adicci\u00f3n a la nicotina que presentan, con frecuencia, pacientes con esquizofrenia. <\/p>\n<p>A partir de un experimento con ratones, investigadores del Instituto Pasteur de Par\u00eds, han mostrado c\u00f3mo la nicotina afecta al funcionamiento de la corteza prefrontal del cerebro, un \u00e1rea asociada a la cognici\u00f3n que suele verse alterada por trastornos psiqui\u00e1tricos. <\/p>\n<p>Los cient\u00edficos creen que la administraci\u00f3n de nicotina puede revertir parte de los s\u00edntomas de la enfermedad mental, lo que explica la tendencia de muchos pacientes a \u00abautomedicarse\u00bb con el consumo de cigarrillos. <\/p>\n<p>\u00abLa administraci\u00f3n reiterada de nicotina restaura la actividad normal de la corteza prefrontal, lo que nos sugiere una posible diana terap\u00e9utica para tratar la esquizofrenia\u00bb, afirm\u00f3 Uwe Maskos, autor principal del estudio, en un comunicado del Instituto Pasteur. <\/p>\n<p>Los cient\u00edficos han trabajado con roedores cuyo ADN incluye una mutaci\u00f3n del gen CHRNA5 que recientemente se ha asociado con un incremento del peligro de sufrir tanto tabaquismo como esquizofrenia. <\/p>\n<p>Esa mutaci\u00f3n provoca una disminuci\u00f3n de la actividad de las c\u00e9lulas de la corteza prefrontal, lo que afecta a la toma de decisiones y la memoria, entre otros factores. <\/p>\n<p>La administraci\u00f3n de nicotina ayuda a recuperar la actividad habitual de esa regi\u00f3n, que en una situaci\u00f3n no patol\u00f3gica est\u00e1 modulada por neurotransmisores (acetilcolina) que se activan de manera simult\u00e1nea a los receptores de nicotina. <\/p>\n<p>\u00abEl trabajo con este modelo muestra c\u00f3mo la nicotina que administramos se une a los receptores nicot\u00ednicos entre las neuronas\u00bb, lo que influye en el comportamiento de las c\u00e9lulas de la corteza prefrontal, indic\u00f3 la investigadora Fani Koukouli.\u00a0 <\/p>\n<p>\u00a0 <\/p>\n","protected":false},"excerpt":{"rendered":"<p>Cient\u00edficos franceses desvelan en un estudio publicado \u00a0en la revista <a href=\"https:\/\/sertv.gob.pa\/nacionalfm\/entre-esquizofrenia-y-adiccion-a-la-nicotina-existe-una-relacion\/\"> [&#8230;]<\/a><\/p>\n","protected":false},"author":1,"featured_media":17991,"comment_status":"closed","ping_status":"closed","sticky":false,"template":"","format":"standard","meta":{"footnotes":""},"categories":[5],"tags":[],"class_list":["post-17990","post","type-post","status-publish","format-standard","has-post-thumbnail","hentry","category-salud"],"_links":{"self":[{"href":"https:\/\/sertv.gob.pa\/nacionalfm\/wp-json\/wp\/v2\/posts\/17990","targetHints":{"allow":["GET"]}}],"collection":[{"href":"https:\/\/sertv.gob.pa\/nacionalfm\/wp-json\/wp\/v2\/posts"}],"about":[{"href":"https:\/\/sertv.gob.pa\/nacionalfm\/wp-json\/wp\/v2\/types\/post"}],"author":[{"embeddable":true,"href":"https:\/\/sertv.gob.pa\/nacionalfm\/wp-json\/wp\/v2\/users\/1"}],"replies":[{"embeddable":true,"href":"https:\/\/sertv.gob.pa\/nacionalfm\/wp-json\/wp\/v2\/comments?post=17990"}],"version-history":[{"count":0,"href":"https:\/\/sertv.gob.pa\/nacionalfm\/wp-json\/wp\/v2\/posts\/17990\/revisions"}],"wp:featuredmedia":[{"embeddable":true,"href":"https:\/\/sertv.gob.pa\/nacionalfm\/wp-json\/wp\/v2\/media\/17991"}],"wp:attachment":[{"href":"https:\/\/sertv.gob.pa\/nacionalfm\/wp-json\/wp\/v2\/media?parent=17990"}],"wp:term":[{"taxonomy":"category","embeddable":true,"href":"https:\/\/sertv.gob.pa\/nacionalfm\/wp-json\/wp\/v2\/categories?post=17990"},{"taxonomy":"post_tag","embeddable":true,"href":"https:\/\/sertv.gob.pa\/nacionalfm\/wp-json\/wp\/v2\/tags?post=17990"}],"curies":[{"name":"wp","href":"https:\/\/api.w.org\/{rel}","templated":true}]}}