{"id":18022,"date":"2017-01-25T18:37:34","date_gmt":"2017-01-25T18:37:34","guid":{"rendered":""},"modified":"2017-01-25T18:37:34","modified_gmt":"2017-01-25T18:37:34","slug":"casi-la-mitad-de-los-hombres-de-eu-estan-infectados-con-vph","status":"publish","type":"post","link":"https:\/\/sertv.gob.pa\/nacionalfm\/casi-la-mitad-de-los-hombres-de-eu-estan-infectados-con-vph\/","title":{"rendered":"Casi la mitad de los hombres de EU est\u00e1n infectados con VPH"},"content":{"rendered":"<p>\nCerca de un 45% de los hombres de EE. UU. est\u00e1n infectados con la enfermedad de transmisi\u00f3n sexual, al igual que un 45% de las mujeres. En las mujeres, la prevalencia de la infecci\u00f3n con el VPH se reduce a m\u00e1s o menos un 22% \u00a0a medida que envejecen, pero permanece alta en los hombres, indic\u00f3 la investigadora l\u00edder, la Dra. Jasmine Han, de la divisi\u00f3n de oncolog\u00eda ginecol\u00f3gica del Centro M\u00e9dico del Ej\u00e9rcito de Womack, en Fort Bragg, Carolina del Norte. <\/p>\n<p>\u00abNo sabemos por qu\u00e9 permanece alta en los hombres y se reduce en las mujeres\u00bb, coment\u00f3. \u00abEn los hombres es m\u00e1s alta de lo anticipado\u00bb. <\/p>\n<p>Han especula que el virus podr\u00eda permanecer en los hombres porque vive en las gl\u00e1ndulas del pene, mientras que en las mujeres, el virus est\u00e1 cerca de la superficie de la vagina y se elimina m\u00e1s f\u00e1cilmente. <\/p>\n<p>Aunque la vacuna contra el VPH ha estado disponible desde 2009, la cobertura sigue siendo baja. Apenas alrededor de un 11% \u00a0de los hombres y un 33% \u00a0de las mujeres se han vacunado, dijo Han. <\/p>\n<p>El VPH es la enfermedad de transmisi\u00f3n sexual m\u00e1s com\u00fan en los hombres y mujeres de Estados Unidos, seg\u00fan la informaci\u00f3n de respaldo del estudio. Unos 79 millones de estadounidenses est\u00e1n infectados con alg\u00fan tipo de VPH, y aproximadamente la mitad de las nuevas infecciones ocurren antes de los 24 a\u00f1os de edad, manifestaron los autores del estudio. <\/p>\n<p>La mayor\u00eda de las personas infectadas con el VPH no saben que lo tienen y no desarrollan problemas de salud por su causa, seg\u00fan los Centros para el Control y la Prevenci\u00f3n de Enfermedades (CDC) de EE. UU. <\/p>\n<p>Pero el VPH no es una infecci\u00f3n benigna. Cada a\u00f1o, ocurren m\u00e1s de 9,000 casos de c\u00e1nceres relacionados con el VPH en los hombres. El VPH es la causa de un 63% de los c\u00e1nceres de pene, de un 91% \u00a0de los c\u00e1nceres anales, y de un 72% \u00a0de los c\u00e1nceres orales y de garganta, anotaron los investigadores. <\/p>\n<p>Adem\u00e1s, el VPH en los hombres es una causa indirecta de c\u00e1ncer cervical en las mujeres. El virus igualmente es responsable de un 90% de las verrugas genitales. El VPH tambi\u00e9n puede conducir a tumores en el tracto respiratorio, llamados papilomatosis respiratoria. <\/p>\n<p>Han cree que la vacuna contra el VPH deber\u00eda ser obligatoria para chicos y chicas. <\/p>\n<p>Los CDC recomiendan que todos los chicos y chicas de 11 y 12 a\u00f1os reciban dos dosis de la vacuna contra el VPH. <\/p>\n<p>\u00abQueremos que nuestros hijos se pongan la vacuna contra el VPH porque es una vacuna contra el c\u00e1ncer\u00bb, enfatiz\u00f3 Han. \u00abAl vacunarse, se puede evitar que nuestros hijos e hijas desarrollen esos c\u00e1nceres asociados con el VPH en a\u00f1os posteriores\u00bb, explic\u00f3. <\/p>\n<p>\u00a0 <\/p>\n","protected":false},"excerpt":{"rendered":"<p>Cerca de un 45% de los hombres de EE. UU. <a href=\"https:\/\/sertv.gob.pa\/nacionalfm\/casi-la-mitad-de-los-hombres-de-eu-estan-infectados-con-vph\/\"> [&#8230;]<\/a><\/p>\n","protected":false},"author":1,"featured_media":18023,"comment_status":"closed","ping_status":"closed","sticky":false,"template":"","format":"standard","meta":{"footnotes":""},"categories":[5],"tags":[],"class_list":["post-18022","post","type-post","status-publish","format-standard","has-post-thumbnail","hentry","category-salud"],"_links":{"self":[{"href":"https:\/\/sertv.gob.pa\/nacionalfm\/wp-json\/wp\/v2\/posts\/18022","targetHints":{"allow":["GET"]}}],"collection":[{"href":"https:\/\/sertv.gob.pa\/nacionalfm\/wp-json\/wp\/v2\/posts"}],"about":[{"href":"https:\/\/sertv.gob.pa\/nacionalfm\/wp-json\/wp\/v2\/types\/post"}],"author":[{"embeddable":true,"href":"https:\/\/sertv.gob.pa\/nacionalfm\/wp-json\/wp\/v2\/users\/1"}],"replies":[{"embeddable":true,"href":"https:\/\/sertv.gob.pa\/nacionalfm\/wp-json\/wp\/v2\/comments?post=18022"}],"version-history":[{"count":0,"href":"https:\/\/sertv.gob.pa\/nacionalfm\/wp-json\/wp\/v2\/posts\/18022\/revisions"}],"wp:featuredmedia":[{"embeddable":true,"href":"https:\/\/sertv.gob.pa\/nacionalfm\/wp-json\/wp\/v2\/media\/18023"}],"wp:attachment":[{"href":"https:\/\/sertv.gob.pa\/nacionalfm\/wp-json\/wp\/v2\/media?parent=18022"}],"wp:term":[{"taxonomy":"category","embeddable":true,"href":"https:\/\/sertv.gob.pa\/nacionalfm\/wp-json\/wp\/v2\/categories?post=18022"},{"taxonomy":"post_tag","embeddable":true,"href":"https:\/\/sertv.gob.pa\/nacionalfm\/wp-json\/wp\/v2\/tags?post=18022"}],"curies":[{"name":"wp","href":"https:\/\/api.w.org\/{rel}","templated":true}]}}