{"id":18042,"date":"2017-01-26T18:11:05","date_gmt":"2017-01-26T18:11:05","guid":{"rendered":""},"modified":"2017-01-26T18:11:05","modified_gmt":"2017-01-26T18:11:05","slug":"nuevo-tratamiento-potencialmente-prometedor-para-el-alzheimer","status":"publish","type":"post","link":"https:\/\/sertv.gob.pa\/nacionalfm\/nuevo-tratamiento-potencialmente-prometedor-para-el-alzheimer\/","title":{"rendered":"Nuevo tratamiento potencialmente prometedor para el Alzheimer"},"content":{"rendered":"<p>\nUn nuevo tratamiento experimental contra el Alzheimer se mostr\u00f3 prometedor durante los experimentos con animales y deber\u00eda, seg\u00fan los investigadores, ser probado en humanos dado su potencial terap\u00e9utico. <\/p>\n<p>Se trata de una mol\u00e9cula sint\u00e9tica que, inyectada en el l\u00edquido cefalorraqu\u00eddeo de ratones y monos de laboratorio, permiti\u00f3 disminuir significativamente la prote\u00edna tau, cuya acumulaci\u00f3n anormal en el cerebro caracteriza a la enfermedad de Alzheimer y a otras patolog\u00edas neurodegenerativas hasta ahora incurables. <\/p>\n<p>Los investigadores de la Universidad de Washington en St. Louis, Missouri, hallaron que el nuevo tratamiento no s\u00f3lo podr\u00eda reducir la prote\u00edna tau sino igualmente revertir algunos da\u00f1os neurol\u00f3gicos ocasionados por su exceso, seg\u00fan un estudio publicado el mi\u00e9rcoles en la revista estadounidense Science Translational Medicine. <\/p>\n<p>Para este estudio, los cient\u00edficos utilizaron ratones modificados gen\u00e9ticamente para desarrollar la agregaci\u00f3n de la prote\u00edna tau en el cerebro similar a la encontrada en los seres humanos. <\/p>\n<p>Se les administr\u00f3 una dosis cuando los ratones ten\u00edan 6 meses y luego se reanud\u00f3 el tratamiento diario durante 30 d\u00edas cuando ten\u00edan 9 meses. <\/p>\n<p>Se detectaron menos prote\u00ednas tau en el cerebro de los ratones de 12 meses tratados en comparaci\u00f3n con los de 9 meses no tratados, lo que sugiere que el tratamiento no s\u00f3lo detuvo la acumulaci\u00f3n de esta prote\u00edna sino que igualmente la revirti\u00f3. <\/p>\n<p>Adem\u00e1s, con el tratamiento con el oligonucle\u00f3tido, el deterioro del hipocampo -la parte del cerebro determinante para la memoria- y la destrucci\u00f3n de las neuronas cesaron y los ratones vivieron un promedio de 36 d\u00edas m\u00e1s que los que no recibieron la mol\u00e9cula. <\/p>\n<p>De acuerdo con la Organizaci\u00f3n Mundial de la Salud, m\u00e1s de 36 millones de personas en todo el mundo sufren demencia, la mayor\u00eda de ellas espec\u00edficamente Alzheimer. <\/p>\n<p>Se calcula que esta cifra se duplicar\u00e1 para 2030 y triplicar\u00e1 para 2050, cuando ser\u00e1n unos 115,4 millones, si no se encuentra un tratamiento eficaz en los pr\u00f3ximos a\u00f1os. <\/p>\n<p>\u00a0 <\/p>\n","protected":false},"excerpt":{"rendered":"<p>Un nuevo tratamiento experimental contra el Alzheimer se mostr\u00f3 prometedor <a href=\"https:\/\/sertv.gob.pa\/nacionalfm\/nuevo-tratamiento-potencialmente-prometedor-para-el-alzheimer\/\"> [&#8230;]<\/a><\/p>\n","protected":false},"author":1,"featured_media":18043,"comment_status":"closed","ping_status":"closed","sticky":false,"template":"","format":"standard","meta":{"footnotes":""},"categories":[5],"tags":[],"class_list":["post-18042","post","type-post","status-publish","format-standard","has-post-thumbnail","hentry","category-salud"],"_links":{"self":[{"href":"https:\/\/sertv.gob.pa\/nacionalfm\/wp-json\/wp\/v2\/posts\/18042","targetHints":{"allow":["GET"]}}],"collection":[{"href":"https:\/\/sertv.gob.pa\/nacionalfm\/wp-json\/wp\/v2\/posts"}],"about":[{"href":"https:\/\/sertv.gob.pa\/nacionalfm\/wp-json\/wp\/v2\/types\/post"}],"author":[{"embeddable":true,"href":"https:\/\/sertv.gob.pa\/nacionalfm\/wp-json\/wp\/v2\/users\/1"}],"replies":[{"embeddable":true,"href":"https:\/\/sertv.gob.pa\/nacionalfm\/wp-json\/wp\/v2\/comments?post=18042"}],"version-history":[{"count":0,"href":"https:\/\/sertv.gob.pa\/nacionalfm\/wp-json\/wp\/v2\/posts\/18042\/revisions"}],"wp:featuredmedia":[{"embeddable":true,"href":"https:\/\/sertv.gob.pa\/nacionalfm\/wp-json\/wp\/v2\/media\/18043"}],"wp:attachment":[{"href":"https:\/\/sertv.gob.pa\/nacionalfm\/wp-json\/wp\/v2\/media?parent=18042"}],"wp:term":[{"taxonomy":"category","embeddable":true,"href":"https:\/\/sertv.gob.pa\/nacionalfm\/wp-json\/wp\/v2\/categories?post=18042"},{"taxonomy":"post_tag","embeddable":true,"href":"https:\/\/sertv.gob.pa\/nacionalfm\/wp-json\/wp\/v2\/tags?post=18042"}],"curies":[{"name":"wp","href":"https:\/\/api.w.org\/{rel}","templated":true}]}}