{"id":18074,"date":"2017-01-27T18:48:38","date_gmt":"2017-01-27T18:48:38","guid":{"rendered":""},"modified":"2017-01-27T18:48:38","modified_gmt":"2017-01-27T18:48:38","slug":"mas-de-la-mitad-de-la-poblacion-de-al-sufre-sobrepeso","status":"publish","type":"post","link":"https:\/\/sertv.gob.pa\/nacionalfm\/mas-de-la-mitad-de-la-poblacion-de-al-sufre-sobrepeso\/","title":{"rendered":"M\u00e1s de la mitad de la poblaci\u00f3n de AL sufre sobrepeso"},"content":{"rendered":"<p>\nUn 58% de la poblaci\u00f3n de Am\u00e9rica Latina sufre sobrepeso, debido principalmente a  una mala nutrici\u00f3n que afecta en especial a mujeres y ni\u00f1os , se\u00f1al\u00f3 un informe conjunto de la FAO y la OMS difundido en Santiago de Chile. <\/p>\n<p>Mientras 360 millones de latinoamericanos sufren sobrepeso,  unos 140 millones (un 23% de la poblaci\u00f3n) padece de obesidad, cifras alarmantes que expresan \u00abuna presencia preocupantemente alta en la regi\u00f3n \u00bb de ambas condiciones, indic\u00f3 el informe Panorama de la Seguridad Alimentaria y Nutricional en Am\u00e9rica Latina y El Caribe. <\/p>\n<p>El sobrepeso y la obesidad \u00abse han duplicado en la \u00faltima d\u00e9cada y la tendencia es creciente principalmente en las mujeres y los m\u00e1s j\u00f3venes\u00bb, afirm\u00f3 la doctora Paloma Cuchi, representante de la Organizaci\u00f3n Mundial de la Salud (OMS) en Chile. <\/p>\n<p>En el caso de los adultos, las mujeres padecen mayor obesidad en comparaci\u00f3n con los hombres. En m\u00e1s de 20 pa\u00edses, la tasa de obesidad femenina es 10 puntos porcentuales mayor que la masculina, seg\u00fan el informe. <\/p>\n<p>Esto se explica por el actual sedentarismo de las mujeres en la regi\u00f3n, sumado al factor laboral que las priva de tiempo suficiente para elaborar comidas saludables, seg\u00fan explicaron especialistas de FAO y OMS.  Los pa\u00edses con mayores \u00edndices de sobrepeso son Bahamas (69%), M\u00e9xico (64%) y Chile (63%).  <\/p>\n<p>En tanto, un 7,2% de los ni\u00f1os menores de 5 a\u00f1os (cerca de 4 millones) viven con sobrepeso, un punto m\u00e1s que el porcentaje mundial (6,2%). <\/p>\n<p> Barbados (12,2%), Paraguay (11,7%) y Argentina (9,9%)  son los pa\u00edses con los mayores \u00edndices de sobrepeso en menores, mientras que Hait\u00ed tiene el nivel m\u00e1s bajo (3,6%). <\/p>\n<p>\u00abLa prevenci\u00f3n en los ni\u00f1os es a lo que los gobiernos de la regi\u00f3n deben apuntar, porque es m\u00e1s f\u00e1cil detener el sobrepeso en ellos a comparaci\u00f3n de los adultos\u00bb, afirm\u00f3 a la AFP, Rub\u00e9n Grajeda, especialista de OMS. <\/p>\n<p>\u00a0 <\/p>\n","protected":false},"excerpt":{"rendered":"<p>Un 58% de la poblaci\u00f3n de Am\u00e9rica Latina sufre sobrepeso, <a href=\"https:\/\/sertv.gob.pa\/nacionalfm\/mas-de-la-mitad-de-la-poblacion-de-al-sufre-sobrepeso\/\"> [&#8230;]<\/a><\/p>\n","protected":false},"author":1,"featured_media":18075,"comment_status":"closed","ping_status":"closed","sticky":false,"template":"","format":"standard","meta":{"footnotes":""},"categories":[5],"tags":[],"class_list":["post-18074","post","type-post","status-publish","format-standard","has-post-thumbnail","hentry","category-salud"],"_links":{"self":[{"href":"https:\/\/sertv.gob.pa\/nacionalfm\/wp-json\/wp\/v2\/posts\/18074","targetHints":{"allow":["GET"]}}],"collection":[{"href":"https:\/\/sertv.gob.pa\/nacionalfm\/wp-json\/wp\/v2\/posts"}],"about":[{"href":"https:\/\/sertv.gob.pa\/nacionalfm\/wp-json\/wp\/v2\/types\/post"}],"author":[{"embeddable":true,"href":"https:\/\/sertv.gob.pa\/nacionalfm\/wp-json\/wp\/v2\/users\/1"}],"replies":[{"embeddable":true,"href":"https:\/\/sertv.gob.pa\/nacionalfm\/wp-json\/wp\/v2\/comments?post=18074"}],"version-history":[{"count":0,"href":"https:\/\/sertv.gob.pa\/nacionalfm\/wp-json\/wp\/v2\/posts\/18074\/revisions"}],"wp:featuredmedia":[{"embeddable":true,"href":"https:\/\/sertv.gob.pa\/nacionalfm\/wp-json\/wp\/v2\/media\/18075"}],"wp:attachment":[{"href":"https:\/\/sertv.gob.pa\/nacionalfm\/wp-json\/wp\/v2\/media?parent=18074"}],"wp:term":[{"taxonomy":"category","embeddable":true,"href":"https:\/\/sertv.gob.pa\/nacionalfm\/wp-json\/wp\/v2\/categories?post=18074"},{"taxonomy":"post_tag","embeddable":true,"href":"https:\/\/sertv.gob.pa\/nacionalfm\/wp-json\/wp\/v2\/tags?post=18074"}],"curies":[{"name":"wp","href":"https:\/\/api.w.org\/{rel}","templated":true}]}}