{"id":1808,"date":"2014-10-02T05:00:00","date_gmt":"2014-10-02T05:00:00","guid":{"rendered":""},"modified":"2014-10-02T05:00:00","modified_gmt":"2014-10-02T05:00:00","slug":"operation-walk-beneficiara-a-mas-de-600-personas","status":"publish","type":"post","link":"https:\/\/sertv.gob.pa\/nacionalfm\/operation-walk-beneficiara-a-mas-de-600-personas\/","title":{"rendered":"Operation Walk beneficiar\u00e1 a  m\u00e1s de 600 personas"},"content":{"rendered":"<p>\nEn las instalaciones del Hospital Santo Tom\u00e1s se lleva a cabo la d\u00e9cimo cuarta versi\u00f3n (XIV), del Programa  Operation Walk , la cual dio inicio este jueves 2 y se extender\u00e1 hasta el mi\u00e9rcoles, 8 de octubre. <\/p>\n<p>Estas operaciones consisten en reemplazar con pr\u00f3tesis, las\u00a0 articulaciones de cadera y rodilla, que se encuentran desgastadas por efecto de la enfermedad y edad\u00a0 al\u00a0punto de que el paciente no puede caminar. \u00a0\u00a0 <\/p>\n<p>Para llevar a cabo esta gesti\u00f3n, algunos de los requisitos para ser un paciente, son: <\/p>\n<p>\u00a0El no contar con un seguro de salud <\/p>\n<p>\u00a0Ser una persona de escasos recursos <\/p>\n<p>\u00a0Comprobarse lo grave de su dolencia. <\/p>\n<p>Esta afecci\u00f3n, se ha presentado tanto en j\u00f3venes, como en personas adultas. El diagn\u00f3stico de los pacientes ingresados es por padecimiento de osteoartritis, artritis reumatoide y otras enfermedades degenerativas de las articulaciones. <\/p>\n<p> El Despacho de la Primera Dama de la Rep\u00fablica, el Ministerio de Educaci\u00f3n, Fundayuda y el Hospital Santo Tom\u00e1s, impulsan \u00e9sta importante jornada humanitaria devolviendo exitosamente al paciente su vida, familiar, social y laboral.  @nacionalFm <\/p>\n","protected":false},"excerpt":{"rendered":"<p>En las instalaciones del Hospital Santo Tom\u00e1s se lleva a <a href=\"https:\/\/sertv.gob.pa\/nacionalfm\/operation-walk-beneficiara-a-mas-de-600-personas\/\"> [&#8230;]<\/a><\/p>\n","protected":false},"author":1,"featured_media":1809,"comment_status":"closed","ping_status":"closed","sticky":false,"template":"","format":"standard","meta":{"footnotes":""},"categories":[5],"tags":[],"class_list":["post-1808","post","type-post","status-publish","format-standard","has-post-thumbnail","hentry","category-salud"],"_links":{"self":[{"href":"https:\/\/sertv.gob.pa\/nacionalfm\/wp-json\/wp\/v2\/posts\/1808","targetHints":{"allow":["GET"]}}],"collection":[{"href":"https:\/\/sertv.gob.pa\/nacionalfm\/wp-json\/wp\/v2\/posts"}],"about":[{"href":"https:\/\/sertv.gob.pa\/nacionalfm\/wp-json\/wp\/v2\/types\/post"}],"author":[{"embeddable":true,"href":"https:\/\/sertv.gob.pa\/nacionalfm\/wp-json\/wp\/v2\/users\/1"}],"replies":[{"embeddable":true,"href":"https:\/\/sertv.gob.pa\/nacionalfm\/wp-json\/wp\/v2\/comments?post=1808"}],"version-history":[{"count":0,"href":"https:\/\/sertv.gob.pa\/nacionalfm\/wp-json\/wp\/v2\/posts\/1808\/revisions"}],"wp:featuredmedia":[{"embeddable":true,"href":"https:\/\/sertv.gob.pa\/nacionalfm\/wp-json\/wp\/v2\/media\/1809"}],"wp:attachment":[{"href":"https:\/\/sertv.gob.pa\/nacionalfm\/wp-json\/wp\/v2\/media?parent=1808"}],"wp:term":[{"taxonomy":"category","embeddable":true,"href":"https:\/\/sertv.gob.pa\/nacionalfm\/wp-json\/wp\/v2\/categories?post=1808"},{"taxonomy":"post_tag","embeddable":true,"href":"https:\/\/sertv.gob.pa\/nacionalfm\/wp-json\/wp\/v2\/tags?post=1808"}],"curies":[{"name":"wp","href":"https:\/\/api.w.org\/{rel}","templated":true}]}}