{"id":18102,"date":"2017-01-30T19:01:41","date_gmt":"2017-01-30T19:01:41","guid":{"rendered":""},"modified":"2017-01-30T19:01:41","modified_gmt":"2017-01-30T19:01:41","slug":"en-hospitales-de-colombia-aparece-bacteria-hipervirulenta","status":"publish","type":"post","link":"https:\/\/sertv.gob.pa\/nacionalfm\/en-hospitales-de-colombia-aparece-bacteria-hipervirulenta\/","title":{"rendered":"En hospitales de Colombia aparece bacteria hipervirulenta"},"content":{"rendered":"<p>\nEn el cartel de las bacterias m\u00e1s buscadas siempre figura una conocida como   Clostridium difficile  . Se le atribuye  del 20% al 30% de los casos de diarrea asociados al uso de antibi\u00f3ticos en Estados Unidos . En la \u00faltima d\u00e9cada los casos han aumentado un 400%. Pero lo preocupante, m\u00e1s all\u00e1 de ese incremento, es que durante este mismo periodo de tiempo se ha registrado la aparici\u00f3n de una variedad hipervirulenta conocida como NAP1\/O27, que  produce entre 16 y 23 veces m\u00e1s toxinas  que las cepas tradicionales. <\/p>\n<p>Un grupo de investigadores colombianos de la  Fundaci\u00f3n Cl\u00ednica Shaio  revisaron los casos de 261 pacientes hospitalizados durante los \u00faltimos cinco a\u00f1os en Bogot\u00e1 con sospecha de infecci\u00f3n por esta bacteria. Luego de analizar caso por caso,  confirmaron que 36 de ellos hab\u00edan sido v\u00edctima de este pat\u00f3geno . Y entre ellos, cuatro pacientes fueron v\u00edctimas de una de las formas m\u00e1s virulentas de la bacteria (NAP1\/O27). <\/p>\n<p>Varios factores podr\u00edan estar creando las condiciones para que esta bacteria hipervirulenta est\u00e9 conquistando nuevos territorios. Por un lado est\u00e1 la edad progresivamente mayor de los pacientes hospitalizados. L a edad promedio de los pacientes afectados en Colombia fue 65 a\u00f1os . Igualmente \u00a0las enfermedades por las que son hospitalizados y que los hacen m\u00e1s vulnerables como la enfermedad renal cr\u00f3nica\u00a0 y diabetes mellitus. Pero quiz\u00e1s la mayor ventaja de la que est\u00e1 sacando provecho esta bacteria es el uso indiscriminado de antibi\u00f3ticos en los pacientes hospitalizados. <\/p>\n<p>Cuando un paciente hospitalizado y con bajas defensas recibe un tratamiento con antibi\u00f3ticos le abre el camino a esta bacteria que empieza conquistando el intestino, liberando toxinas y provocando una diarrea leve. M\u00e1s tarde provoca colitis, megacolon t\u00f3xico y p uede llevar a un cuadro de sepsis y muerte . <\/p>\n<p>&ldquo;En Colombia y en Latinoam\u00e9rica el conocimiento sobre el comportamiento epidemiol\u00f3gico de infecci\u00f3n por C. difficile se reduce a unas pocas publicaciones que no permiten establecer  el impacto real y las caracter\u00edsticas cl\u00ednicas y epidemiol\u00f3gicas de la enfermedad , por ello muchas veces nos vemos obligados a extrapolar datos publicados de otras regiones del mundo a la poblaci\u00f3n colombiana&rdquo;, anotaron los investigadores en un art\u00edculo publicado en la revista Biom\u00e9dica en la que revelaron los resultados de su trabajo. <\/p>\n<p>Y advirtieron que la identificaci\u00f3n de esta cepa hipervirulenta  &ldquo;constituye una alerta epidemiol\u00f3gica para Colombia  teniendo en cuenta la alta tasa de mortalidad asociada y la capacidad de r\u00e1pida diseminaci\u00f3n reportada para esta cepa a nivel mundial&rdquo;. <\/p>\n<p>\u00a0 <\/p>\n","protected":false},"excerpt":{"rendered":"<p>En el cartel de las bacterias m\u00e1s buscadas siempre figura <a href=\"https:\/\/sertv.gob.pa\/nacionalfm\/en-hospitales-de-colombia-aparece-bacteria-hipervirulenta\/\"> [&#8230;]<\/a><\/p>\n","protected":false},"author":1,"featured_media":18103,"comment_status":"closed","ping_status":"closed","sticky":false,"template":"","format":"standard","meta":{"footnotes":""},"categories":[5],"tags":[],"class_list":["post-18102","post","type-post","status-publish","format-standard","has-post-thumbnail","hentry","category-salud"],"_links":{"self":[{"href":"https:\/\/sertv.gob.pa\/nacionalfm\/wp-json\/wp\/v2\/posts\/18102","targetHints":{"allow":["GET"]}}],"collection":[{"href":"https:\/\/sertv.gob.pa\/nacionalfm\/wp-json\/wp\/v2\/posts"}],"about":[{"href":"https:\/\/sertv.gob.pa\/nacionalfm\/wp-json\/wp\/v2\/types\/post"}],"author":[{"embeddable":true,"href":"https:\/\/sertv.gob.pa\/nacionalfm\/wp-json\/wp\/v2\/users\/1"}],"replies":[{"embeddable":true,"href":"https:\/\/sertv.gob.pa\/nacionalfm\/wp-json\/wp\/v2\/comments?post=18102"}],"version-history":[{"count":0,"href":"https:\/\/sertv.gob.pa\/nacionalfm\/wp-json\/wp\/v2\/posts\/18102\/revisions"}],"wp:featuredmedia":[{"embeddable":true,"href":"https:\/\/sertv.gob.pa\/nacionalfm\/wp-json\/wp\/v2\/media\/18103"}],"wp:attachment":[{"href":"https:\/\/sertv.gob.pa\/nacionalfm\/wp-json\/wp\/v2\/media?parent=18102"}],"wp:term":[{"taxonomy":"category","embeddable":true,"href":"https:\/\/sertv.gob.pa\/nacionalfm\/wp-json\/wp\/v2\/categories?post=18102"},{"taxonomy":"post_tag","embeddable":true,"href":"https:\/\/sertv.gob.pa\/nacionalfm\/wp-json\/wp\/v2\/tags?post=18102"}],"curies":[{"name":"wp","href":"https:\/\/api.w.org\/{rel}","templated":true}]}}