{"id":18106,"date":"2017-01-31T18:01:30","date_gmt":"2017-01-31T18:01:30","guid":{"rendered":""},"modified":"2017-01-31T18:01:30","modified_gmt":"2017-01-31T18:01:30","slug":"casos-de-dengue-y-zika-se-incrementan-en-san-miguelito","status":"publish","type":"post","link":"https:\/\/sertv.gob.pa\/nacionalfm\/casos-de-dengue-y-zika-se-incrementan-en-san-miguelito\/","title":{"rendered":"Casos de Dengue y Zika se incrementan en San Miguelito"},"content":{"rendered":"<p>\nM\u00e1s de 20 casos sospechosos de dengue se reportan en los \u00faltimos d\u00edas en el distrito de San Miguelito. <\/p>\n<p>En esa zona igualmente se han reportado 7 casos de Zika, 2 de ellos en mujeres embarazadas.\u00a0 <\/p>\n<p>La falta de cooperaci\u00f3n de los residentes para erradicar los criaderos en el distrito de San Miguelito contribuy\u00f3 al aumento de casos. <\/p>\n<p>De acuerdo a las autoridades de salud, hasta la fecha se han confirmado m\u00e1s de 300 casos de dengue en San Miguelito.\u00a0 <\/p>\n<p>\u00a0 <\/p>\n","protected":false},"excerpt":{"rendered":"<p>M\u00e1s de 20 casos sospechosos de dengue se reportan en <a href=\"https:\/\/sertv.gob.pa\/nacionalfm\/casos-de-dengue-y-zika-se-incrementan-en-san-miguelito\/\"> [&#8230;]<\/a><\/p>\n","protected":false},"author":1,"featured_media":18107,"comment_status":"closed","ping_status":"closed","sticky":false,"template":"","format":"standard","meta":{"footnotes":""},"categories":[5],"tags":[],"class_list":["post-18106","post","type-post","status-publish","format-standard","has-post-thumbnail","hentry","category-salud"],"_links":{"self":[{"href":"https:\/\/sertv.gob.pa\/nacionalfm\/wp-json\/wp\/v2\/posts\/18106","targetHints":{"allow":["GET"]}}],"collection":[{"href":"https:\/\/sertv.gob.pa\/nacionalfm\/wp-json\/wp\/v2\/posts"}],"about":[{"href":"https:\/\/sertv.gob.pa\/nacionalfm\/wp-json\/wp\/v2\/types\/post"}],"author":[{"embeddable":true,"href":"https:\/\/sertv.gob.pa\/nacionalfm\/wp-json\/wp\/v2\/users\/1"}],"replies":[{"embeddable":true,"href":"https:\/\/sertv.gob.pa\/nacionalfm\/wp-json\/wp\/v2\/comments?post=18106"}],"version-history":[{"count":0,"href":"https:\/\/sertv.gob.pa\/nacionalfm\/wp-json\/wp\/v2\/posts\/18106\/revisions"}],"wp:featuredmedia":[{"embeddable":true,"href":"https:\/\/sertv.gob.pa\/nacionalfm\/wp-json\/wp\/v2\/media\/18107"}],"wp:attachment":[{"href":"https:\/\/sertv.gob.pa\/nacionalfm\/wp-json\/wp\/v2\/media?parent=18106"}],"wp:term":[{"taxonomy":"category","embeddable":true,"href":"https:\/\/sertv.gob.pa\/nacionalfm\/wp-json\/wp\/v2\/categories?post=18106"},{"taxonomy":"post_tag","embeddable":true,"href":"https:\/\/sertv.gob.pa\/nacionalfm\/wp-json\/wp\/v2\/tags?post=18106"}],"curies":[{"name":"wp","href":"https:\/\/api.w.org\/{rel}","templated":true}]}}