{"id":18114,"date":"2017-01-31T19:14:03","date_gmt":"2017-01-31T19:14:03","guid":{"rendered":""},"modified":"2017-01-31T19:14:03","modified_gmt":"2017-01-31T19:14:03","slug":"primeras-muertes-por-epidemia-de-fiebre-amarilla-en-brasil","status":"publish","type":"post","link":"https:\/\/sertv.gob.pa\/nacionalfm\/primeras-muertes-por-epidemia-de-fiebre-amarilla-en-brasil\/","title":{"rendered":"Primeras muertes por epidemia de fiebre amarilla en Brasil"},"content":{"rendered":"<p>\nLos estados de Sao Paulo, con tres \u00f3bitos, y Esp\u00edrito Santo, con uno, reportaron sus primeras muertes confirmadas por causa de la fiebre amarilla en lo que va del a\u00f1o, elevando as\u00ed a 46 el n\u00famero de v\u00edctimas mortales por el brote que tiene en alerta a algunas regiones de Brasil. <\/p>\n<p> El m\u00e1s reciente bolet\u00edn del Ministerio de Salud, se\u00f1al\u00f3 que a las 42 muertes registradas en Minas Gerais hasta la semana pasada se sumaron las tres de Sao Paulo y la otra de Esp\u00edrito Santo, los tres estados de la regi\u00f3n Sudeste, la m\u00e1s rica y poblada del pa\u00eds.  <\/p>\n<p>Existen tambi\u00e9n casos sospechosos de la enfermedad en Mato Grosso do Sul (occidente) y Bah\u00eda (nordeste), mientras los que estaban en fase de investigaci\u00f3n en el Distrito Federal de Brasilia y Goi\u00e1s, ambos en la regi\u00f3n central, fueron descartados. <\/p>\n<p> En total, Brasil registra en el primer mes del a\u00f1o 568 casos sospechosos, de los cuales 430 permanecen en investigaci\u00f3n, 130 fueron confirmados y 31 descartados.  <\/p>\n<p>El nuevo reporte, adem\u00e1s, apunt\u00f3 que de las 113 muertes que se sospechan fueron ocasionadas por la enfermedad, 46 de ellas fueron confirmadas y 64 siguen en investigaci\u00f3n. Las otras tres se descartaron. <\/p>\n<p> El Ministerio de Salud aument\u00f3 las existencias de la vacuna y envi\u00f3 7.5 millones de dosis extras a las regiones afectadas, casi la mitad de ellas a Minas Gerais, que tiene 55 municipios en alerta y donde se registran 509 de los casos sospechosos.  <\/p>\n<p> Seg\u00fan datos oficiales, los \u00faltimos casos de fiebre amarilla en ciudades brasile\u00f1as se registraron en 1942, en el estado de Acre.\u00a0  <\/p>\n<p>\u00a0 <\/p>\n","protected":false},"excerpt":{"rendered":"<p>Los estados de Sao Paulo, con tres \u00f3bitos, y Esp\u00edrito <a href=\"https:\/\/sertv.gob.pa\/nacionalfm\/primeras-muertes-por-epidemia-de-fiebre-amarilla-en-brasil\/\"> [&#8230;]<\/a><\/p>\n","protected":false},"author":1,"featured_media":18115,"comment_status":"closed","ping_status":"closed","sticky":false,"template":"","format":"standard","meta":{"footnotes":""},"categories":[5],"tags":[],"class_list":["post-18114","post","type-post","status-publish","format-standard","has-post-thumbnail","hentry","category-salud"],"_links":{"self":[{"href":"https:\/\/sertv.gob.pa\/nacionalfm\/wp-json\/wp\/v2\/posts\/18114","targetHints":{"allow":["GET"]}}],"collection":[{"href":"https:\/\/sertv.gob.pa\/nacionalfm\/wp-json\/wp\/v2\/posts"}],"about":[{"href":"https:\/\/sertv.gob.pa\/nacionalfm\/wp-json\/wp\/v2\/types\/post"}],"author":[{"embeddable":true,"href":"https:\/\/sertv.gob.pa\/nacionalfm\/wp-json\/wp\/v2\/users\/1"}],"replies":[{"embeddable":true,"href":"https:\/\/sertv.gob.pa\/nacionalfm\/wp-json\/wp\/v2\/comments?post=18114"}],"version-history":[{"count":0,"href":"https:\/\/sertv.gob.pa\/nacionalfm\/wp-json\/wp\/v2\/posts\/18114\/revisions"}],"wp:featuredmedia":[{"embeddable":true,"href":"https:\/\/sertv.gob.pa\/nacionalfm\/wp-json\/wp\/v2\/media\/18115"}],"wp:attachment":[{"href":"https:\/\/sertv.gob.pa\/nacionalfm\/wp-json\/wp\/v2\/media?parent=18114"}],"wp:term":[{"taxonomy":"category","embeddable":true,"href":"https:\/\/sertv.gob.pa\/nacionalfm\/wp-json\/wp\/v2\/categories?post=18114"},{"taxonomy":"post_tag","embeddable":true,"href":"https:\/\/sertv.gob.pa\/nacionalfm\/wp-json\/wp\/v2\/tags?post=18114"}],"curies":[{"name":"wp","href":"https:\/\/api.w.org\/{rel}","templated":true}]}}