{"id":18134,"date":"2017-02-01T18:33:03","date_gmt":"2017-02-01T18:33:03","guid":{"rendered":""},"modified":"2017-02-01T18:33:03","modified_gmt":"2017-02-01T18:33:03","slug":"enfermos-mentales-mueren-por-recortes-de-presupuesto-en-sudafrica","status":"publish","type":"post","link":"https:\/\/sertv.gob.pa\/nacionalfm\/enfermos-mentales-mueren-por-recortes-de-presupuesto-en-sudafrica\/","title":{"rendered":"Enfermos mentales mueren por recortes de presupuesto en Sud\u00e1frica"},"content":{"rendered":"<p>\nAlrededor de\u00a0 94 enfermos mentales fallecieron en Sud\u00e1frica, luego de que las autoridades sanitarias, en un intento de reducir gastos,  los trasladaran el a\u00f1o pasado a centros de salud sin licencia, revel\u00f3 una investigaci\u00f3n del gobierno.  <\/p>\n<p>Muchas de las v\u00edctimas -seg\u00fan el informe- murieron por deshidrataci\u00f3n y diarrea, tras haber sido trasladadas precipitadamente a 27 centros \u00abpoco preparados\u00bb y que fueron comparados con \u00abcampos de concentraci\u00f3n\u00bb por testigos. <\/p>\n<p>La investigaci\u00f3n del defensor de la Sanidad detalla c\u00f3mo algunos pacientes fueron recogidos del hospital Life Esidimeni en la provincia de Gauteng con camionetas. <\/p>\n<p> Los pacientes eran seleccionados en procesos parecidos a \u00absubastas de animales\u00bb,  antes de ser transportados a las nuevas instalaciones, desplaz\u00e1ndolos a menudo de un centro a otro, prosigue el documento. <\/p>\n<p>Los familiares de los pacientes no sab\u00edan d\u00f3nde se encontraban, o  incluso si hab\u00edan muerto en estas instalaciones, sin calefacci\u00f3n, que algunos testigos tacharon de \u00abcampos de concentraci\u00f3n\u00bb.  <\/p>\n<p>Los centros tampoco alimentaron de forma suficiente a los pacientes m\u00e1s enfermos, lo que lo provoc\u00f3 malnutrici\u00f3n y deshidrataci\u00f3n. <\/p>\n<p>El departamento de Salud provincial de Gauteng decidi\u00f3 terminar su contrato con el hospital Life Esdidimeni y traslad\u00f3 a m\u00e1s de 1.300 pacientes a una serie de centros sanitarios con condiciones \u00abde baja calidad, imprecisos y desestructurados\u00bb. <\/p>\n<p>\u00abSolo una persona muri\u00f3 de enfermedades relacionadas con su salud mental. Ninguno de los otros 93 han muerto a causa de su enfermedad mental\u00bb explic\u00f3 el defensor de la Sanidad, Malegapuru Makgoba, en su informe. Makgoba explic\u00f3 que el saldo final de v\u00edctimas mortales podr\u00eda aumentar. <\/p>\n<p> El informe critica que los 27 centros sanitarios \u00abfueron elegidos misteriosamente, sin criterio\u00bb  y que sus dirigentes manifiestamente \u00aberan incapaces de distinguir entre las necesidades muy espec\u00edficas [de los enfermos], y una oportunidad de negocio\u00bb. <\/p>\n<p>El primer ministro de Gauteng, David Makhura, prometi\u00f3 que los responsables del esc\u00e1ndalo rendir\u00e1n cuentas. <\/p>\n<p>\u00a0 <\/p>\n","protected":false},"excerpt":{"rendered":"<p>Alrededor de\u00a0 94 enfermos mentales fallecieron en Sud\u00e1frica, luego de <a href=\"https:\/\/sertv.gob.pa\/nacionalfm\/enfermos-mentales-mueren-por-recortes-de-presupuesto-en-sudafrica\/\"> [&#8230;]<\/a><\/p>\n","protected":false},"author":1,"featured_media":18135,"comment_status":"closed","ping_status":"closed","sticky":false,"template":"","format":"standard","meta":{"footnotes":""},"categories":[5],"tags":[],"class_list":["post-18134","post","type-post","status-publish","format-standard","has-post-thumbnail","hentry","category-salud"],"_links":{"self":[{"href":"https:\/\/sertv.gob.pa\/nacionalfm\/wp-json\/wp\/v2\/posts\/18134","targetHints":{"allow":["GET"]}}],"collection":[{"href":"https:\/\/sertv.gob.pa\/nacionalfm\/wp-json\/wp\/v2\/posts"}],"about":[{"href":"https:\/\/sertv.gob.pa\/nacionalfm\/wp-json\/wp\/v2\/types\/post"}],"author":[{"embeddable":true,"href":"https:\/\/sertv.gob.pa\/nacionalfm\/wp-json\/wp\/v2\/users\/1"}],"replies":[{"embeddable":true,"href":"https:\/\/sertv.gob.pa\/nacionalfm\/wp-json\/wp\/v2\/comments?post=18134"}],"version-history":[{"count":0,"href":"https:\/\/sertv.gob.pa\/nacionalfm\/wp-json\/wp\/v2\/posts\/18134\/revisions"}],"wp:featuredmedia":[{"embeddable":true,"href":"https:\/\/sertv.gob.pa\/nacionalfm\/wp-json\/wp\/v2\/media\/18135"}],"wp:attachment":[{"href":"https:\/\/sertv.gob.pa\/nacionalfm\/wp-json\/wp\/v2\/media?parent=18134"}],"wp:term":[{"taxonomy":"category","embeddable":true,"href":"https:\/\/sertv.gob.pa\/nacionalfm\/wp-json\/wp\/v2\/categories?post=18134"},{"taxonomy":"post_tag","embeddable":true,"href":"https:\/\/sertv.gob.pa\/nacionalfm\/wp-json\/wp\/v2\/tags?post=18134"}],"curies":[{"name":"wp","href":"https:\/\/api.w.org\/{rel}","templated":true}]}}