{"id":18136,"date":"2017-02-01T18:49:31","date_gmt":"2017-02-01T18:49:31","guid":{"rendered":""},"modified":"2017-02-01T18:49:31","modified_gmt":"2017-02-01T18:49:31","slug":"con-obras-en-materia-de-salud-se-beneficiaran-los-santenos","status":"publish","type":"post","link":"https:\/\/sertv.gob.pa\/nacionalfm\/con-obras-en-materia-de-salud-se-beneficiaran-los-santenos\/","title":{"rendered":"Con obras en materia de salud se beneficiar\u00e1n los sante\u00f1os"},"content":{"rendered":"<p>\nEl Ministerio de Salud (MINSA) lleva a cabo importantes proyectos que redundar\u00e1n en beneficio de la poblaci\u00f3n sante\u00f1a, con una inversi\u00f3n aproximada de 7 millones de d\u00f3lares que garantizar\u00e1n mejoras en materia de salud p\u00fablica de esta regi\u00f3n del pa\u00eds. <\/p>\n<p>Entre los proyectos desarrollados enmarcados en salud est\u00e1 el Hospital General de Especialidades M\u00e9dicas &ldquo;Anita Moreno&rdquo; con una inversi\u00f3n de B\/ 102, 927,191.01,\u00a0 teniendo un \u00e1rea de construcci\u00f3n de 38,923 m2, obra que fue reactivada en enero de 2015. <\/p>\n<p>Hasta la fecha, el proyecto cuenta con un avance del 88% en su primera etapa, que culminar\u00e1 en febrero de 2017; y la segunda etapa se tiene previsto culminen para junio y la tercera en septiembre de 2018. <\/p>\n<p>En esa misma l\u00ednea, en el Hospital Dr. Joaqu\u00edn Pablo Franco Sayas se ejecutan acciones para el equipamiento del sistema de bomba contra incendio, bomba de succi\u00f3n de aire, compresor, manifold de ox\u00edgeno; adem\u00e1s del suministro e instalaci\u00f3n de unidades centrales de climatizaci\u00f3n para radiograf\u00eda, laboratorio, UCI y quir\u00f3fanos, todo esto por un monto de B\/ 484, 948.58. <\/p>\n<p>Por otro lado, el Proyecto Mi Salud Primero tiene contemplado para el 2017 la construcci\u00f3n, mejoras, rehabilitaci\u00f3n y ampliaciones en distintas instalaciones de Salud como son el Centro de Salud de Guarar\u00e9, Carlos J. Ugalde;\u00a0 el Centro de Salud Sabana Grande; y en el distrito de Tonos\u00ed el Centro de Salud de Cambutal, Sub Centro de Salud de B\u00facaro y el Sub Centro de Salud de Isla Ca\u00f1a. <\/p>\n<p>Otro de los proyectos desarrollaros en la provincia de Los Santos es el Hospital Rural de Tonos\u00ed, el cual contar\u00e1 con 27 camas para adultos y 10 cunas para ni\u00f1os. Este proyecto ser\u00e1 construido por la CSS en un terreno municipal frente a la ULAPS. <\/p>\n<p>De igual manera, en la instalaci\u00f3n del Hospital Rural se usar\u00e1n 300 m2 para la construcci\u00f3n y equipamiento del Proyecto Reintegra, el cual estar\u00e1 a cargo del Proyecto Telet\u00f3n del 2015. Con esta obra se contribuir\u00e1 a ofrecer un apoyo a las personas con discapacidad, toda vez que el nivel de prevalencia en Tonos\u00ed actualmente se halla en un 18.6%, siendo la discapacidad motora la de mayor incidencia. <\/p>\n<p>Entre los servicios que se ofrecer\u00e1n en Reintegra se encuentran: fisioterapia, terapia ocupacional, terapia de lenguaje psicolog\u00eda y trabajo social. <\/p>\n<p>Con todas estas inversiones, el Ministerio de Salud contribuye a que la poblaci\u00f3n tenga un sistema de salud humano con calidad y equidad, un derecho para todos, cumpliendo con su misi\u00f3n como instituci\u00f3n regente de la Salud en Panam\u00e1. <\/p>\n","protected":false},"excerpt":{"rendered":"<p>El Ministerio de Salud (MINSA) lleva a cabo importantes proyectos <a href=\"https:\/\/sertv.gob.pa\/nacionalfm\/con-obras-en-materia-de-salud-se-beneficiaran-los-santenos\/\"> [&#8230;]<\/a><\/p>\n","protected":false},"author":1,"featured_media":18137,"comment_status":"closed","ping_status":"closed","sticky":false,"template":"","format":"standard","meta":{"footnotes":""},"categories":[5],"tags":[],"class_list":["post-18136","post","type-post","status-publish","format-standard","has-post-thumbnail","hentry","category-salud"],"_links":{"self":[{"href":"https:\/\/sertv.gob.pa\/nacionalfm\/wp-json\/wp\/v2\/posts\/18136","targetHints":{"allow":["GET"]}}],"collection":[{"href":"https:\/\/sertv.gob.pa\/nacionalfm\/wp-json\/wp\/v2\/posts"}],"about":[{"href":"https:\/\/sertv.gob.pa\/nacionalfm\/wp-json\/wp\/v2\/types\/post"}],"author":[{"embeddable":true,"href":"https:\/\/sertv.gob.pa\/nacionalfm\/wp-json\/wp\/v2\/users\/1"}],"replies":[{"embeddable":true,"href":"https:\/\/sertv.gob.pa\/nacionalfm\/wp-json\/wp\/v2\/comments?post=18136"}],"version-history":[{"count":0,"href":"https:\/\/sertv.gob.pa\/nacionalfm\/wp-json\/wp\/v2\/posts\/18136\/revisions"}],"wp:featuredmedia":[{"embeddable":true,"href":"https:\/\/sertv.gob.pa\/nacionalfm\/wp-json\/wp\/v2\/media\/18137"}],"wp:attachment":[{"href":"https:\/\/sertv.gob.pa\/nacionalfm\/wp-json\/wp\/v2\/media?parent=18136"}],"wp:term":[{"taxonomy":"category","embeddable":true,"href":"https:\/\/sertv.gob.pa\/nacionalfm\/wp-json\/wp\/v2\/categories?post=18136"},{"taxonomy":"post_tag","embeddable":true,"href":"https:\/\/sertv.gob.pa\/nacionalfm\/wp-json\/wp\/v2\/tags?post=18136"}],"curies":[{"name":"wp","href":"https:\/\/api.w.org\/{rel}","templated":true}]}}