{"id":1814,"date":"2014-10-03T05:00:00","date_gmt":"2014-10-03T05:00:00","guid":{"rendered":""},"modified":"2014-10-03T05:00:00","modified_gmt":"2014-10-03T05:00:00","slug":"afectados-los-chiricanos-por-sedentarismo-y-mala-alimentacion","status":"publish","type":"post","link":"https:\/\/sertv.gob.pa\/nacionalfm\/afectados-los-chiricanos-por-sedentarismo-y-mala-alimentacion\/","title":{"rendered":"Afectados los chiricanos por sedentarismo y mala alimentaci\u00f3n"},"content":{"rendered":"<p>\nLa mala alimentaci\u00f3n y el sedentarismo est\u00e1n ocasionando que residentes en la provincia de Chiriqu\u00ed, en edades comprendidas entre 40 y 50 a\u00f1os, padezcan de afecciones cardiacas, indic\u00f3 Am\u00edlcar Lezcano, jefe de Cardiolog\u00eda del hospital regional Rafael Hern\u00e1ndez, de la ciudad de David. A\u00f1adi\u00f3 que los j\u00f3venes est\u00e1n presentando infarto agudo al miocardio, y enfermedades coronarias. <\/p>\n<p>Ante esta situaci\u00f3n, Lezcano hizo un llamado a disminuir la grasa en los alimentos e igualmente a ejercitarse. En 2013 se atendieron 116 infartos.\u00a0 @nacionalFm <\/p>\n","protected":false},"excerpt":{"rendered":"<p>La mala alimentaci\u00f3n y el sedentarismo est\u00e1n ocasionando que residentes <a href=\"https:\/\/sertv.gob.pa\/nacionalfm\/afectados-los-chiricanos-por-sedentarismo-y-mala-alimentacion\/\"> [&#8230;]<\/a><\/p>\n","protected":false},"author":1,"featured_media":1815,"comment_status":"closed","ping_status":"closed","sticky":false,"template":"","format":"standard","meta":{"footnotes":""},"categories":[5],"tags":[],"class_list":["post-1814","post","type-post","status-publish","format-standard","has-post-thumbnail","hentry","category-salud"],"_links":{"self":[{"href":"https:\/\/sertv.gob.pa\/nacionalfm\/wp-json\/wp\/v2\/posts\/1814","targetHints":{"allow":["GET"]}}],"collection":[{"href":"https:\/\/sertv.gob.pa\/nacionalfm\/wp-json\/wp\/v2\/posts"}],"about":[{"href":"https:\/\/sertv.gob.pa\/nacionalfm\/wp-json\/wp\/v2\/types\/post"}],"author":[{"embeddable":true,"href":"https:\/\/sertv.gob.pa\/nacionalfm\/wp-json\/wp\/v2\/users\/1"}],"replies":[{"embeddable":true,"href":"https:\/\/sertv.gob.pa\/nacionalfm\/wp-json\/wp\/v2\/comments?post=1814"}],"version-history":[{"count":0,"href":"https:\/\/sertv.gob.pa\/nacionalfm\/wp-json\/wp\/v2\/posts\/1814\/revisions"}],"wp:featuredmedia":[{"embeddable":true,"href":"https:\/\/sertv.gob.pa\/nacionalfm\/wp-json\/wp\/v2\/media\/1815"}],"wp:attachment":[{"href":"https:\/\/sertv.gob.pa\/nacionalfm\/wp-json\/wp\/v2\/media?parent=1814"}],"wp:term":[{"taxonomy":"category","embeddable":true,"href":"https:\/\/sertv.gob.pa\/nacionalfm\/wp-json\/wp\/v2\/categories?post=1814"},{"taxonomy":"post_tag","embeddable":true,"href":"https:\/\/sertv.gob.pa\/nacionalfm\/wp-json\/wp\/v2\/tags?post=1814"}],"curies":[{"name":"wp","href":"https:\/\/api.w.org\/{rel}","templated":true}]}}