{"id":1816,"date":"2014-10-03T05:00:00","date_gmt":"2014-10-03T05:00:00","guid":{"rendered":""},"modified":"2014-10-03T05:00:00","modified_gmt":"2014-10-03T05:00:00","slug":"jose-renan-esquivel-se-llamara-el-hospital-del-nino","status":"publish","type":"post","link":"https:\/\/sertv.gob.pa\/nacionalfm\/jose-renan-esquivel-se-llamara-el-hospital-del-nino\/","title":{"rendered":"Jos\u00e9 Ren\u00e1n Esquivel se llamar\u00e1 el Hospital del Ni\u00f1o"},"content":{"rendered":"<p>\nEl Hospital del Ni\u00f1o y sus futuras instalaciones, fue rebautizado con el nombre del reconocido m\u00e9dico paname\u00f1o Jos\u00e9 Ren\u00e1n Esquivel, seg\u00fan consta en Ley No. 18 del 30 de septiembre pasado, publicada \u00a0en la Gaceta Oficial, <\/p>\n<p>Seg\u00fan la norma, el letrero principal del hospital, las inscripciones, su correspondencia oficial y el papel membretado deber\u00e1n incorporar el nuevo nombre, que fue designado en reconocimiento a la destacada labor m\u00e9dica de Jos\u00e9 Ren\u00e1n Esquivel.\u00a0 @nacionalFm <\/p>\n<p>\u00a0 <\/p>\n","protected":false},"excerpt":{"rendered":"<p>El Hospital del Ni\u00f1o y sus futuras instalaciones, fue rebautizado <a href=\"https:\/\/sertv.gob.pa\/nacionalfm\/jose-renan-esquivel-se-llamara-el-hospital-del-nino\/\"> [&#8230;]<\/a><\/p>\n","protected":false},"author":1,"featured_media":1817,"comment_status":"closed","ping_status":"closed","sticky":false,"template":"","format":"standard","meta":{"footnotes":""},"categories":[5],"tags":[],"class_list":["post-1816","post","type-post","status-publish","format-standard","has-post-thumbnail","hentry","category-salud"],"_links":{"self":[{"href":"https:\/\/sertv.gob.pa\/nacionalfm\/wp-json\/wp\/v2\/posts\/1816","targetHints":{"allow":["GET"]}}],"collection":[{"href":"https:\/\/sertv.gob.pa\/nacionalfm\/wp-json\/wp\/v2\/posts"}],"about":[{"href":"https:\/\/sertv.gob.pa\/nacionalfm\/wp-json\/wp\/v2\/types\/post"}],"author":[{"embeddable":true,"href":"https:\/\/sertv.gob.pa\/nacionalfm\/wp-json\/wp\/v2\/users\/1"}],"replies":[{"embeddable":true,"href":"https:\/\/sertv.gob.pa\/nacionalfm\/wp-json\/wp\/v2\/comments?post=1816"}],"version-history":[{"count":0,"href":"https:\/\/sertv.gob.pa\/nacionalfm\/wp-json\/wp\/v2\/posts\/1816\/revisions"}],"wp:featuredmedia":[{"embeddable":true,"href":"https:\/\/sertv.gob.pa\/nacionalfm\/wp-json\/wp\/v2\/media\/1817"}],"wp:attachment":[{"href":"https:\/\/sertv.gob.pa\/nacionalfm\/wp-json\/wp\/v2\/media?parent=1816"}],"wp:term":[{"taxonomy":"category","embeddable":true,"href":"https:\/\/sertv.gob.pa\/nacionalfm\/wp-json\/wp\/v2\/categories?post=1816"},{"taxonomy":"post_tag","embeddable":true,"href":"https:\/\/sertv.gob.pa\/nacionalfm\/wp-json\/wp\/v2\/tags?post=1816"}],"curies":[{"name":"wp","href":"https:\/\/api.w.org\/{rel}","templated":true}]}}