{"id":18160,"date":"2017-02-02T18:43:50","date_gmt":"2017-02-02T18:43:50","guid":{"rendered":""},"modified":"2017-02-02T18:43:50","modified_gmt":"2017-02-02T18:43:50","slug":"dormir-poco-aumenta-el-riesgo-de-enfermedades","status":"publish","type":"post","link":"https:\/\/sertv.gob.pa\/nacionalfm\/dormir-poco-aumenta-el-riesgo-de-enfermedades\/","title":{"rendered":"Dormir poco aumenta el riesgo de enfermedades"},"content":{"rendered":"<p>\nDormir poco aumenta el riesgo de  sufrir enfermedades del coraz\u00f3n y contraer gripe durante la epidemia , seg\u00fan un estudio del Observatorio Global de la Salud, plataforma impulsada por el Instituto de Investigaci\u00f3n Biom\u00e9dica de Lleida (IRBLleida), la Universitat Internacional de Catalunya (UIC) y la Fundaci\u00f3n Ad Salutem Institute for Healthy Sleep y presentado en Barcelona. <\/p>\n<p>El &#8216;Informe sobre la salud del sue\u00f1o. El impacto del bien dormir en la salud de las personas y de la colectividad&#8217; precisa que  dormir poco, menos de cuatro horas, pero tambi\u00e9n dormir demasiado, m\u00e1s de 10 horas, puede afectar a la calidad de vida , ha informado el IRBLleida en un comunicado. <\/p>\n<p>La principal recomendaci\u00f3n de este informe es  la creaci\u00f3n del Observatorio Global del Sue\u00f1o , que tiene por objetivo promover el estudio, la investigaci\u00f3n, la ense\u00f1anza y la promoci\u00f3n del sue\u00f1o saludable. <\/p>\n<p>Desde este observatorio se quiere defender un cambio en la percepci\u00f3n social sobre el buen dormir, todav\u00eda demasiado vinculado con la idea de que dormir poco es propio de una persona valiente y productiva en el trabajo. <\/p>\n<p>La plataforma recuerda que varios estudios relacionan la cantidad y calidad del sue\u00f1o con riesgo de sufrir hipertensi\u00f3n arterial, enfermedades coronarias, enfermedades cerebrovasculares, obesidad, diabetes tipo 2, depresi\u00f3n e igualmente con contraer un resfriado com\u00fan o gripe durante la \u00e9poca de la epidemia. <\/p>\n<p> Los expertos aconsejan dormir entre 7 y 8 horas  para los adultos, para mantener una buena salud y tener menos riesgo de mortalidad y en la infancia, dormir poco lo asocian con problemas de concentraci\u00f3n, rendimiento escolar, hiperactividad y ansiedad. <\/p>\n<p>Algunos estudios tambi\u00e9n constatan que los adolescentes que pasan horas despiertos con videojuegos tienen m\u00e1s peligro de sacar malas notas en la escuela. <\/p>\n<p>En los adultos, la carencia de sue\u00f1o tiene clara relaci\u00f3n con el rendimiento laboral y los accidentes, tanto en el \u00e1mbito del trabajo, como las carreteras. <\/p>\n<p>\u00a0 <\/p>\n","protected":false},"excerpt":{"rendered":"<p>Dormir poco aumenta el riesgo de sufrir enfermedades del coraz\u00f3n <a href=\"https:\/\/sertv.gob.pa\/nacionalfm\/dormir-poco-aumenta-el-riesgo-de-enfermedades\/\"> [&#8230;]<\/a><\/p>\n","protected":false},"author":1,"featured_media":18161,"comment_status":"closed","ping_status":"closed","sticky":false,"template":"","format":"standard","meta":{"footnotes":""},"categories":[5],"tags":[],"class_list":["post-18160","post","type-post","status-publish","format-standard","has-post-thumbnail","hentry","category-salud"],"_links":{"self":[{"href":"https:\/\/sertv.gob.pa\/nacionalfm\/wp-json\/wp\/v2\/posts\/18160","targetHints":{"allow":["GET"]}}],"collection":[{"href":"https:\/\/sertv.gob.pa\/nacionalfm\/wp-json\/wp\/v2\/posts"}],"about":[{"href":"https:\/\/sertv.gob.pa\/nacionalfm\/wp-json\/wp\/v2\/types\/post"}],"author":[{"embeddable":true,"href":"https:\/\/sertv.gob.pa\/nacionalfm\/wp-json\/wp\/v2\/users\/1"}],"replies":[{"embeddable":true,"href":"https:\/\/sertv.gob.pa\/nacionalfm\/wp-json\/wp\/v2\/comments?post=18160"}],"version-history":[{"count":0,"href":"https:\/\/sertv.gob.pa\/nacionalfm\/wp-json\/wp\/v2\/posts\/18160\/revisions"}],"wp:featuredmedia":[{"embeddable":true,"href":"https:\/\/sertv.gob.pa\/nacionalfm\/wp-json\/wp\/v2\/media\/18161"}],"wp:attachment":[{"href":"https:\/\/sertv.gob.pa\/nacionalfm\/wp-json\/wp\/v2\/media?parent=18160"}],"wp:term":[{"taxonomy":"category","embeddable":true,"href":"https:\/\/sertv.gob.pa\/nacionalfm\/wp-json\/wp\/v2\/categories?post=18160"},{"taxonomy":"post_tag","embeddable":true,"href":"https:\/\/sertv.gob.pa\/nacionalfm\/wp-json\/wp\/v2\/tags?post=18160"}],"curies":[{"name":"wp","href":"https:\/\/api.w.org\/{rel}","templated":true}]}}