{"id":18180,"date":"2017-02-03T18:44:41","date_gmt":"2017-02-03T18:44:41","guid":{"rendered":""},"modified":"2017-02-03T18:44:41","modified_gmt":"2017-02-03T18:44:41","slug":"explotar-un-globo-puede-ocasionar-danos-irreparables-al-oido","status":"publish","type":"post","link":"https:\/\/sertv.gob.pa\/nacionalfm\/explotar-un-globo-puede-ocasionar-danos-irreparables-al-oido\/","title":{"rendered":"Explotar un globo puede ocasionar da\u00f1os irreparables al o\u00eddo"},"content":{"rendered":"<p>\nQue los globos explotan es algo que todos aprendemos m\u00e1s o menos r\u00e1pido y de primera mano en nuestra infancia. Ahora, que la exposici\u00f3n a ese ruido pueda contribuir a nuestra p\u00e9rdida de audici\u00f3n a largo plazo puede tomar a muchos por sorpresa. <\/p>\n<p>Esa es la advertencia que hacen unos investigadores de la Universidad de Alberta, en Canad\u00e1, en un estudio publicado en la revista Canadian Audiologist.\u00a0 <\/p>\n<p>Aunque dicen que no quieren ser unos aguafiestas, advierten que la p\u00e9rdida de o\u00eddo es un proceso acumulativo, equiparable al efecto que la exposici\u00f3n al sol va ocasionando sobre la piel. <\/p>\n<p>\u00abLa p\u00e9rdida de o\u00eddo es enga\u00f1osa: cada ruido fuerte que ocurre tiene un impacto potencial para toda la vida\u00bb, advierte Bill Hodgetts, coautor del estudio.\u00a0\u00abComo disparar una escopeta\u00bb <\/p>\n<p>Para ilustrarlo los investigadores midieron el ruido generado por un globo que explota y se sorprendieron al comprobar que el impacto auditivo en su punto m\u00e1ximo es equivalente al que se generar\u00eda, por ejemplo, si se disparara una escopeta de calibre 12 junto a la oreja, publica BBC Mundo.\u00a0 <\/p>\n<p>En concreto, el ruido alcanza los 168 decibeles.\u00a0El ruido que genera un globo que explota alcanza los 168 decibeles. Las autoridades sanitarias canadienses recomiendan no exponerse a m\u00e1s de 140. <\/p>\n<p>Como referencia, el Centro Canadiense para la Salud Ocupacional recomienda que sus ciudadanos no se expongan impulsos auditivos mayores de 140 decibeles. <\/p>\n<p>\u00abEs incre\u00edble lo fuerte que es la explosi\u00f3n de un globo\u00bb, expresa Dylan Scott, coautor del estudio. \u00abNadie permitir\u00eda que su hijo disparara algo tan fuerte sin protecci\u00f3n auditiva, sin embargo nadie piensa dos veces sobre los globos que explotan\u00bb. <\/p>\n<p>\u00abLa p\u00e9rdida auditiva es uno de esos problemas invisibles: hasta que lo sufres no piensas en eso. Pero cuando lo tienes pasa a afectarlo todo\u00bb. <\/p>\n<p>\u00a0 <\/p>\n","protected":false},"excerpt":{"rendered":"<p>Que los globos explotan es algo que todos aprendemos m\u00e1s <a href=\"https:\/\/sertv.gob.pa\/nacionalfm\/explotar-un-globo-puede-ocasionar-danos-irreparables-al-oido\/\"> [&#8230;]<\/a><\/p>\n","protected":false},"author":1,"featured_media":18181,"comment_status":"closed","ping_status":"closed","sticky":false,"template":"","format":"standard","meta":{"footnotes":""},"categories":[5],"tags":[],"class_list":["post-18180","post","type-post","status-publish","format-standard","has-post-thumbnail","hentry","category-salud"],"_links":{"self":[{"href":"https:\/\/sertv.gob.pa\/nacionalfm\/wp-json\/wp\/v2\/posts\/18180","targetHints":{"allow":["GET"]}}],"collection":[{"href":"https:\/\/sertv.gob.pa\/nacionalfm\/wp-json\/wp\/v2\/posts"}],"about":[{"href":"https:\/\/sertv.gob.pa\/nacionalfm\/wp-json\/wp\/v2\/types\/post"}],"author":[{"embeddable":true,"href":"https:\/\/sertv.gob.pa\/nacionalfm\/wp-json\/wp\/v2\/users\/1"}],"replies":[{"embeddable":true,"href":"https:\/\/sertv.gob.pa\/nacionalfm\/wp-json\/wp\/v2\/comments?post=18180"}],"version-history":[{"count":0,"href":"https:\/\/sertv.gob.pa\/nacionalfm\/wp-json\/wp\/v2\/posts\/18180\/revisions"}],"wp:featuredmedia":[{"embeddable":true,"href":"https:\/\/sertv.gob.pa\/nacionalfm\/wp-json\/wp\/v2\/media\/18181"}],"wp:attachment":[{"href":"https:\/\/sertv.gob.pa\/nacionalfm\/wp-json\/wp\/v2\/media?parent=18180"}],"wp:term":[{"taxonomy":"category","embeddable":true,"href":"https:\/\/sertv.gob.pa\/nacionalfm\/wp-json\/wp\/v2\/categories?post=18180"},{"taxonomy":"post_tag","embeddable":true,"href":"https:\/\/sertv.gob.pa\/nacionalfm\/wp-json\/wp\/v2\/tags?post=18180"}],"curies":[{"name":"wp","href":"https:\/\/api.w.org\/{rel}","templated":true}]}}