{"id":1820,"date":"2014-10-03T05:00:00","date_gmt":"2014-10-03T05:00:00","guid":{"rendered":""},"modified":"2014-10-03T05:00:00","modified_gmt":"2014-10-03T05:00:00","slug":"hasta-chitre-se-traslada-relevo-por-la-vida","status":"publish","type":"post","link":"https:\/\/sertv.gob.pa\/nacionalfm\/hasta-chitre-se-traslada-relevo-por-la-vida\/","title":{"rendered":"Hasta Chitr\u00e9 se traslada \u2018Relevo por la vida\u2019"},"content":{"rendered":"<p>\nEl evento &ldquo;Relevo por la vida&rdquo;, organizado por Fanlyc, se trasladar\u00e1 hasta Chitr\u00e9, provincia de Herrera, este domingo 5 de octubre. <\/p>\n<p>Iniciar\u00e1 con una carrera desde las 6:00 a.m. y finalizar\u00e1 a las 6:00 p.m. <\/p>\n<p>Esta actividad \u00a0se hace con el prop\u00f3sito de recaudar donaciones para los ni\u00f1os que padecen de c\u00e1ncer en el pa\u00eds. @nacionalFm <\/p>\n<p>\u00a0 <\/p>\n","protected":false},"excerpt":{"rendered":"<p>El evento &ldquo;Relevo por la vida&rdquo;, organizado por Fanlyc, se <a href=\"https:\/\/sertv.gob.pa\/nacionalfm\/hasta-chitre-se-traslada-relevo-por-la-vida\/\"> [&#8230;]<\/a><\/p>\n","protected":false},"author":1,"featured_media":1821,"comment_status":"closed","ping_status":"closed","sticky":false,"template":"","format":"standard","meta":{"footnotes":""},"categories":[5],"tags":[],"class_list":["post-1820","post","type-post","status-publish","format-standard","has-post-thumbnail","hentry","category-salud"],"_links":{"self":[{"href":"https:\/\/sertv.gob.pa\/nacionalfm\/wp-json\/wp\/v2\/posts\/1820","targetHints":{"allow":["GET"]}}],"collection":[{"href":"https:\/\/sertv.gob.pa\/nacionalfm\/wp-json\/wp\/v2\/posts"}],"about":[{"href":"https:\/\/sertv.gob.pa\/nacionalfm\/wp-json\/wp\/v2\/types\/post"}],"author":[{"embeddable":true,"href":"https:\/\/sertv.gob.pa\/nacionalfm\/wp-json\/wp\/v2\/users\/1"}],"replies":[{"embeddable":true,"href":"https:\/\/sertv.gob.pa\/nacionalfm\/wp-json\/wp\/v2\/comments?post=1820"}],"version-history":[{"count":0,"href":"https:\/\/sertv.gob.pa\/nacionalfm\/wp-json\/wp\/v2\/posts\/1820\/revisions"}],"wp:featuredmedia":[{"embeddable":true,"href":"https:\/\/sertv.gob.pa\/nacionalfm\/wp-json\/wp\/v2\/media\/1821"}],"wp:attachment":[{"href":"https:\/\/sertv.gob.pa\/nacionalfm\/wp-json\/wp\/v2\/media?parent=1820"}],"wp:term":[{"taxonomy":"category","embeddable":true,"href":"https:\/\/sertv.gob.pa\/nacionalfm\/wp-json\/wp\/v2\/categories?post=1820"},{"taxonomy":"post_tag","embeddable":true,"href":"https:\/\/sertv.gob.pa\/nacionalfm\/wp-json\/wp\/v2\/tags?post=1820"}],"curies":[{"name":"wp","href":"https:\/\/api.w.org\/{rel}","templated":true}]}}