{"id":18206,"date":"2017-02-06T18:07:12","date_gmt":"2017-02-06T18:07:12","guid":{"rendered":""},"modified":"2017-02-06T18:07:12","modified_gmt":"2017-02-06T18:07:12","slug":"crean-nueva-prueba-de-deteccion-precoz-del-cancer-de-pancreas","status":"publish","type":"post","link":"https:\/\/sertv.gob.pa\/nacionalfm\/crean-nueva-prueba-de-deteccion-precoz-del-cancer-de-pancreas\/","title":{"rendered":"Crean nueva prueba de detecci\u00f3n precoz del c\u00e1ncer de p\u00e1ncreas"},"content":{"rendered":"<p>\nUn grupo de investigadores anunci\u00f3 la creaci\u00f3n de una prueba de detecci\u00f3n precoz del c\u00e1ncer de p\u00e1ncreas, uno de los c\u00e1nceres m\u00e1s mortales a causa de su agresividad y de la falta de tratamientos eficaces en estado avanzado. <\/p>\n<p>En la actualidad, este c\u00e1ncer se descubre generalmente en estado muy avanzado, pues evoluciona sin s\u00edntomas, y el 80% de los pacientes fallece en el a\u00f1o siguiente al diagn\u00f3stico. <\/p>\n<p>En un estudio publicado este \u00a0lunes por la revista cient\u00edfica Nature Biomedical Engineering, investigadores estadounidenses y chinos presentan una prueba barata y ultrasensible, que facilita diagnosticar precozmente el c\u00e1ncer de p\u00e1ncreas con una cantidad \u00ednfima de plasma sangu\u00edneo. <\/p>\n<p>\u00abEl c\u00e1ncer de p\u00e1ncreas es uno de los c\u00e1nceres para los que necesitamos desesperadamente un marcador precoz\u00bb, subraya el Dr Tony (Ye) Hu, principal autor del estudio. <\/p>\n<p>La prueba que perfeccion\u00f3 con sus colegas est\u00e1 basada en la detecci\u00f3n de un marcador espec\u00edfico -la prote\u00edna EphA2- en algunas ves\u00edculas extracelulares, peque\u00f1as burbujas transportadas de c\u00e9lula en c\u00e9lula. <\/p>\n<p>Estudios anteriores mostraron que esas ves\u00edculas desempe\u00f1an un papel importante en el desarrollo y el avance de algunos c\u00e1nceres y en especial del p\u00e1ncreas. <\/p>\n<p>Cuando surgen de un tumor, estas ves\u00edculas ser\u00edan inclusive capaces de modificar el entorno facilitando las met\u00e1stasis. <\/p>\n<p>Ya existe actualmente un marcador tumoral, el CA 19-9, pero es poco espec\u00edfico, pues se puede hallar igualmente en peque\u00f1as cantidades en el h\u00edgado, la ves\u00edcula biliar y los pulmones de un adulto que goza de buena salud. Su tasa es asimismo muy elevada en caso de pancreatitis (inflamaci\u00f3n del p\u00e1ncreas) y de obstrucci\u00f3n de un canal biliar. <\/p>\n<p>La nueva prueba se revel\u00f3 claramente m\u00e1s eficaz durante un estudio efectuado en 48 personas que gozan de buena salud, 48 pacientes con pancreatitis y 59 pacientes afectados de c\u00e1ncer de p\u00e1ncreas en estados precoces o localmente avanzado. Facilit\u00f3 detectar m\u00e1s de 85% de los c\u00e1nceres. <\/p>\n<p>Este resultado debe, no obstante, ser validado por un estudio m\u00e1s vasto, antes de poder obtener la autorizaci\u00f3n de la agencia estadounidense del medicamento  FDA , \u00abprobablemente de aqu\u00ed a dos o tres a\u00f1os\u00bb, seg\u00fan el Dr Hu. <\/p>\n<p>\u00a0 <\/p>\n","protected":false},"excerpt":{"rendered":"<p>Un grupo de investigadores anunci\u00f3 la creaci\u00f3n de una prueba <a href=\"https:\/\/sertv.gob.pa\/nacionalfm\/crean-nueva-prueba-de-deteccion-precoz-del-cancer-de-pancreas\/\"> [&#8230;]<\/a><\/p>\n","protected":false},"author":1,"featured_media":18207,"comment_status":"closed","ping_status":"closed","sticky":false,"template":"","format":"standard","meta":{"footnotes":""},"categories":[5],"tags":[],"class_list":["post-18206","post","type-post","status-publish","format-standard","has-post-thumbnail","hentry","category-salud"],"_links":{"self":[{"href":"https:\/\/sertv.gob.pa\/nacionalfm\/wp-json\/wp\/v2\/posts\/18206","targetHints":{"allow":["GET"]}}],"collection":[{"href":"https:\/\/sertv.gob.pa\/nacionalfm\/wp-json\/wp\/v2\/posts"}],"about":[{"href":"https:\/\/sertv.gob.pa\/nacionalfm\/wp-json\/wp\/v2\/types\/post"}],"author":[{"embeddable":true,"href":"https:\/\/sertv.gob.pa\/nacionalfm\/wp-json\/wp\/v2\/users\/1"}],"replies":[{"embeddable":true,"href":"https:\/\/sertv.gob.pa\/nacionalfm\/wp-json\/wp\/v2\/comments?post=18206"}],"version-history":[{"count":0,"href":"https:\/\/sertv.gob.pa\/nacionalfm\/wp-json\/wp\/v2\/posts\/18206\/revisions"}],"wp:featuredmedia":[{"embeddable":true,"href":"https:\/\/sertv.gob.pa\/nacionalfm\/wp-json\/wp\/v2\/media\/18207"}],"wp:attachment":[{"href":"https:\/\/sertv.gob.pa\/nacionalfm\/wp-json\/wp\/v2\/media?parent=18206"}],"wp:term":[{"taxonomy":"category","embeddable":true,"href":"https:\/\/sertv.gob.pa\/nacionalfm\/wp-json\/wp\/v2\/categories?post=18206"},{"taxonomy":"post_tag","embeddable":true,"href":"https:\/\/sertv.gob.pa\/nacionalfm\/wp-json\/wp\/v2\/tags?post=18206"}],"curies":[{"name":"wp","href":"https:\/\/api.w.org\/{rel}","templated":true}]}}