{"id":18208,"date":"2017-02-06T18:13:22","date_gmt":"2017-02-06T18:13:22","guid":{"rendered":""},"modified":"2017-02-06T18:13:22","modified_gmt":"2017-02-06T18:13:22","slug":"por-una-buena-salud-tomese-su-tiempo-al-masticar","status":"publish","type":"post","link":"https:\/\/sertv.gob.pa\/nacionalfm\/por-una-buena-salud-tomese-su-tiempo-al-masticar\/","title":{"rendered":"Por una buena salud, t\u00f3mese su tiempo al masticar"},"content":{"rendered":"<p>\nPor m\u00e1s que hagas cambios en tu r\u00e9gimen alimenticio y escojas mejores alimentos para cuidar tu peso y estar sano, poco o nada vas a conseguir si no cambias lo m\u00e1s importante, el comienzo de la digesti\u00f3n, es decir la manera de masticaci\u00f3n. <\/p>\n<p>Masticar es el primer paso de ese proceso en donde se fragua la salud. <\/p>\n<p>De acuerdo al libro  &lsquo;Medicina Natural al Alcance de Todos&rsquo; , del investigador chileno Manuel Lezaeta Achar\u00e1n, &ldquo;las energ\u00edas acumuladas en los alimentos crudos se absorben sobre todo en la boca. Las f\u00e9culas y almidones deben transformarse en glucosa mediante la insalivaci\u00f3n calmada, pues de otro modo se producen fermentaciones \u00e1cidas en el est\u00f3mago. De aqu\u00ed la necesidad de masticar con calma y cuidadosamente, evitando que los alimentos lleguen al est\u00f3mago con demasiada frecuencia. Aun el agua y los l\u00edquidos deben beberse a peque\u00f1os sorbos&rdquo;. <\/p>\n<p>\u00bfTe das cuenta de lo importante que es comer despacio, masticando una y otra vez? Respeta los tiempos de comida y no tragues enseguida. <\/p>\n<p>El m\u00e9dico geront\u00f3logo, Rafael Velasco Ter\u00e1n, lo confirma. &ldquo;Los secretos de una nutrici\u00f3n sana, \u00a0adem\u00e1s de la calidad de los alimentos, consiste en masticar bien cada alimento y llenar solamente el 70% del est\u00f3mago (como hacen los japoneses), no hartarse de comida&rdquo;, mencion\u00f3 el autor de varios libros sobre antienvejecimiento quien recomend\u00f3 tomar aguas arom\u00e1ticas de manzanilla, hinojo, comino, menta, tomillo, valeriana, melisa, linaza, salvia, an\u00eds verde y llant\u00e9n. <\/p>\n<p>\u00a0 <\/p>\n","protected":false},"excerpt":{"rendered":"<p>Por m\u00e1s que hagas cambios en tu r\u00e9gimen alimenticio y <a href=\"https:\/\/sertv.gob.pa\/nacionalfm\/por-una-buena-salud-tomese-su-tiempo-al-masticar\/\"> [&#8230;]<\/a><\/p>\n","protected":false},"author":1,"featured_media":18209,"comment_status":"closed","ping_status":"closed","sticky":false,"template":"","format":"standard","meta":{"footnotes":""},"categories":[5],"tags":[],"class_list":["post-18208","post","type-post","status-publish","format-standard","has-post-thumbnail","hentry","category-salud"],"_links":{"self":[{"href":"https:\/\/sertv.gob.pa\/nacionalfm\/wp-json\/wp\/v2\/posts\/18208","targetHints":{"allow":["GET"]}}],"collection":[{"href":"https:\/\/sertv.gob.pa\/nacionalfm\/wp-json\/wp\/v2\/posts"}],"about":[{"href":"https:\/\/sertv.gob.pa\/nacionalfm\/wp-json\/wp\/v2\/types\/post"}],"author":[{"embeddable":true,"href":"https:\/\/sertv.gob.pa\/nacionalfm\/wp-json\/wp\/v2\/users\/1"}],"replies":[{"embeddable":true,"href":"https:\/\/sertv.gob.pa\/nacionalfm\/wp-json\/wp\/v2\/comments?post=18208"}],"version-history":[{"count":0,"href":"https:\/\/sertv.gob.pa\/nacionalfm\/wp-json\/wp\/v2\/posts\/18208\/revisions"}],"wp:featuredmedia":[{"embeddable":true,"href":"https:\/\/sertv.gob.pa\/nacionalfm\/wp-json\/wp\/v2\/media\/18209"}],"wp:attachment":[{"href":"https:\/\/sertv.gob.pa\/nacionalfm\/wp-json\/wp\/v2\/media?parent=18208"}],"wp:term":[{"taxonomy":"category","embeddable":true,"href":"https:\/\/sertv.gob.pa\/nacionalfm\/wp-json\/wp\/v2\/categories?post=18208"},{"taxonomy":"post_tag","embeddable":true,"href":"https:\/\/sertv.gob.pa\/nacionalfm\/wp-json\/wp\/v2\/tags?post=18208"}],"curies":[{"name":"wp","href":"https:\/\/api.w.org\/{rel}","templated":true}]}}