{"id":18238,"date":"2017-02-07T18:34:38","date_gmt":"2017-02-07T18:34:38","guid":{"rendered":""},"modified":"2017-02-07T18:34:38","modified_gmt":"2017-02-07T18:34:38","slug":"bebes-de-partos-dificiles-son-mas-propensos-al-autismo","status":"publish","type":"post","link":"https:\/\/sertv.gob.pa\/nacionalfm\/bebes-de-partos-dificiles-son-mas-propensos-al-autismo\/","title":{"rendered":"Beb\u00e9s de partos dif\u00edciles son m\u00e1s propensos al autismo"},"content":{"rendered":"<p>\nEstudio publicado en American Journal of Perinatology asegura que los ni\u00f1os que fueron expuestos a breves complicaciones durante su gestaci\u00f3n o al momento de nacer tienen mayor probabilidad de desarrollar autismo. <\/p>\n<p>La investigaci\u00f3n, efectuado en ni\u00f1os que nacieron en los hospitales de Kaiser Permanente en el sur de California (EE.UU.) entre 1991 y 2009, hall\u00f3 que de los 6,255 beb\u00e9s que fueron diagnosticados con trastorno del espectro autista (TEA), 37 % hab\u00eda sufrido alg\u00fan tipo de complicaciones prenatales. <\/p>\n<p>&lsquo;Nuestro estudio sugiere que los ni\u00f1os expuestos a ciertas complicaciones especialmente la asfixia y la preeclampsia, eran m\u00e1s propensos a ser diagnosticados con TEA&#8217;, explic\u00f3 a Efe el autor principal del estudio, el doctor Darios Getahun del Departamento de Investigaci\u00f3n y Evaluaci\u00f3n del Sur de Kaiser Permanente del Sur de California. <\/p>\n<p>Aunque en la actualidad no hay cura para los diagn\u00f3sticos del TEA, la identificaci\u00f3n temprana de ni\u00f1os que pueden estar en peligro de desarrollar el padecimiento es extremadamente importante, concluye la investigaci\u00f3n. <\/p>\n<p>\u00a0 <\/p>\n","protected":false},"excerpt":{"rendered":"<p>Estudio publicado en American Journal of Perinatology asegura que los <a href=\"https:\/\/sertv.gob.pa\/nacionalfm\/bebes-de-partos-dificiles-son-mas-propensos-al-autismo\/\"> [&#8230;]<\/a><\/p>\n","protected":false},"author":1,"featured_media":18239,"comment_status":"closed","ping_status":"closed","sticky":false,"template":"","format":"standard","meta":{"footnotes":""},"categories":[5],"tags":[],"class_list":["post-18238","post","type-post","status-publish","format-standard","has-post-thumbnail","hentry","category-salud"],"_links":{"self":[{"href":"https:\/\/sertv.gob.pa\/nacionalfm\/wp-json\/wp\/v2\/posts\/18238","targetHints":{"allow":["GET"]}}],"collection":[{"href":"https:\/\/sertv.gob.pa\/nacionalfm\/wp-json\/wp\/v2\/posts"}],"about":[{"href":"https:\/\/sertv.gob.pa\/nacionalfm\/wp-json\/wp\/v2\/types\/post"}],"author":[{"embeddable":true,"href":"https:\/\/sertv.gob.pa\/nacionalfm\/wp-json\/wp\/v2\/users\/1"}],"replies":[{"embeddable":true,"href":"https:\/\/sertv.gob.pa\/nacionalfm\/wp-json\/wp\/v2\/comments?post=18238"}],"version-history":[{"count":0,"href":"https:\/\/sertv.gob.pa\/nacionalfm\/wp-json\/wp\/v2\/posts\/18238\/revisions"}],"wp:featuredmedia":[{"embeddable":true,"href":"https:\/\/sertv.gob.pa\/nacionalfm\/wp-json\/wp\/v2\/media\/18239"}],"wp:attachment":[{"href":"https:\/\/sertv.gob.pa\/nacionalfm\/wp-json\/wp\/v2\/media?parent=18238"}],"wp:term":[{"taxonomy":"category","embeddable":true,"href":"https:\/\/sertv.gob.pa\/nacionalfm\/wp-json\/wp\/v2\/categories?post=18238"},{"taxonomy":"post_tag","embeddable":true,"href":"https:\/\/sertv.gob.pa\/nacionalfm\/wp-json\/wp\/v2\/tags?post=18238"}],"curies":[{"name":"wp","href":"https:\/\/api.w.org\/{rel}","templated":true}]}}