{"id":18292,"date":"2017-02-09T16:30:38","date_gmt":"2017-02-09T16:30:38","guid":{"rendered":""},"modified":"2017-02-09T16:30:38","modified_gmt":"2017-02-09T16:30:38","slug":"industria-espanola-disminuye-un-23-el-azucar-en-bebidas-refrescantes","status":"publish","type":"post","link":"https:\/\/sertv.gob.pa\/nacionalfm\/industria-espanola-disminuye-un-23-el-azucar-en-bebidas-refrescantes\/","title":{"rendered":"Industria espa\u00f1ola disminuye un 23% el az\u00facar en bebidas refrescantes"},"content":{"rendered":"<p>\nLa industria de las bebidas refrescantes espa\u00f1ola ha reducido en un 23% el az\u00facar puesto en el mercado desde 2005 hasta 2014, superando ya el objetivo fijado este martes por la patronal europea, UNESDA, que se ha marcado una disminuci\u00f3n del 22% en el periodo 2000-2020. La reducci\u00f3n conseguida ya en el conjunto de Europa es del 12%, lo que posiciona a Espa\u00f1a como un pa\u00eds destacado en el continente en cuanto a disminuci\u00f3n de az\u00facares y calor\u00edas, seg\u00fan ha informado la Asociaci\u00f3n de Bebidas Refrescantes (ANFABRA). <\/p>\n<p>Esto ha sido posible en el marco de la Estrategia NAOS promovida por la Agencia Espa\u00f1ola de Consumo, Seguridad Alimentaria y Nutrici\u00f3n del Ministerio de Sanidad, que ha alentado a las empresas a trabajar con las autoridades para adoptar acciones voluntarias con el prop\u00f3sito com\u00fan de revertir el aumento de la obesidad. <\/p>\n<p>El compromiso de la industria europea responde a las nuevas demandas de los consumidores, que prefieren alimentos y bebidas con menos az\u00facar. <\/p>\n<p>Para alcanzar el nuevo objetivo a 2020, que abarca un mercado de 500 millones de consumidores, el sector se compromete a seguir apostando por la innovaci\u00f3n, la diversidad de formatos y por destinar m\u00e1s recursos a la promoci\u00f3n de bebidas con menos contenido en az\u00facar. <\/p>\n<p>El compromiso de UNESDA responde a la petici\u00f3n de la Uni\u00f3n Europea a la industria alimentaria para reformular y reducir el az\u00facar de sus productos. <\/p>\n<p>En este sentido, el sector de bebidas refrescantes europeo se convierte en el primero en presentar un objetivo conjunto espec\u00edfico, acorde con las peticiones de la UE. <\/p>\n<p>En Europa, entre 2000 y 2015 el az\u00facar ha disminuido en un 12%. El sector se fija un 10% adicional hasta 2020, con el objetivo de llegar en esa fecha a una reducci\u00f3n del 22%. <\/p>\n<p>\u00a0 <\/p>\n<p>\u00a0 <\/p>\n","protected":false},"excerpt":{"rendered":"<p>La industria de las bebidas refrescantes espa\u00f1ola ha reducido en <a href=\"https:\/\/sertv.gob.pa\/nacionalfm\/industria-espanola-disminuye-un-23-el-azucar-en-bebidas-refrescantes\/\"> [&#8230;]<\/a><\/p>\n","protected":false},"author":1,"featured_media":18293,"comment_status":"closed","ping_status":"closed","sticky":false,"template":"","format":"standard","meta":{"footnotes":""},"categories":[5],"tags":[],"class_list":["post-18292","post","type-post","status-publish","format-standard","has-post-thumbnail","hentry","category-salud"],"_links":{"self":[{"href":"https:\/\/sertv.gob.pa\/nacionalfm\/wp-json\/wp\/v2\/posts\/18292","targetHints":{"allow":["GET"]}}],"collection":[{"href":"https:\/\/sertv.gob.pa\/nacionalfm\/wp-json\/wp\/v2\/posts"}],"about":[{"href":"https:\/\/sertv.gob.pa\/nacionalfm\/wp-json\/wp\/v2\/types\/post"}],"author":[{"embeddable":true,"href":"https:\/\/sertv.gob.pa\/nacionalfm\/wp-json\/wp\/v2\/users\/1"}],"replies":[{"embeddable":true,"href":"https:\/\/sertv.gob.pa\/nacionalfm\/wp-json\/wp\/v2\/comments?post=18292"}],"version-history":[{"count":0,"href":"https:\/\/sertv.gob.pa\/nacionalfm\/wp-json\/wp\/v2\/posts\/18292\/revisions"}],"wp:featuredmedia":[{"embeddable":true,"href":"https:\/\/sertv.gob.pa\/nacionalfm\/wp-json\/wp\/v2\/media\/18293"}],"wp:attachment":[{"href":"https:\/\/sertv.gob.pa\/nacionalfm\/wp-json\/wp\/v2\/media?parent=18292"}],"wp:term":[{"taxonomy":"category","embeddable":true,"href":"https:\/\/sertv.gob.pa\/nacionalfm\/wp-json\/wp\/v2\/categories?post=18292"},{"taxonomy":"post_tag","embeddable":true,"href":"https:\/\/sertv.gob.pa\/nacionalfm\/wp-json\/wp\/v2\/tags?post=18292"}],"curies":[{"name":"wp","href":"https:\/\/api.w.org\/{rel}","templated":true}]}}