{"id":18300,"date":"2017-02-09T18:44:10","date_gmt":"2017-02-09T18:44:10","guid":{"rendered":""},"modified":"2017-02-09T18:44:10","modified_gmt":"2017-02-09T18:44:10","slug":"en-20-anos-el-cancer-aumentara-a-22-millones-de-casos-anuales","status":"publish","type":"post","link":"https:\/\/sertv.gob.pa\/nacionalfm\/en-20-anos-el-cancer-aumentara-a-22-millones-de-casos-anuales\/","title":{"rendered":"En 20 a\u00f1os el c\u00e1ncer aumentar\u00e1 a 22 millones de casos anuales"},"content":{"rendered":"<p>\nLa Organizaci\u00f3n Mundial de la Salud (OMS) conmemora el  D\u00eda Mundial contra el C\u00e1ncer , con el fin de incrementar la concienciaci\u00f3n y movilizar a la sociedad para avanzar en la  prevenci\u00f3n y control de esta enfermedad . En el \u00faltimo informe Mundial del C\u00e1ncer, la OMS informa que en 2012 se registraron 8,2 millones de nuevos casos y estima que la incidencia aumentar\u00e1 a  22 millones anuales en las pr\u00f3ximas dos d\u00e9cadas . <\/p>\n<p>Por ello, la prevenci\u00f3n y la detecci\u00f3n temprana son fundamentales para detener el incremento de la incidencia de esta enfermedad. La  Organizaci\u00f3n de Naciones Unidas  (ONU) ha indicado en un comunicado que &ldquo; m\u00e1s del 60% de los casos se concentran en \u00c1frica, Asia, Am\u00e9rica Central y del Sur &rdquo;. En esas regiones registran el  70% de las muertes a nivel global , principalmente por la falta de detecci\u00f3n temprana de la enfermedad y el acceso a tratamientos. <\/p>\n<p>La ONU recuerda que el c\u00e1ncer es un &ldquo;proceso de crecimiento y diseminaci\u00f3n incontrolados de c\u00e9lulas&rdquo;. Puede aparecer pr\u00e1cticamente en cualquier lugar del cuerpo y puede provocar met\u00e1stasis en puntos distantes del organismo. Muchos tipos de c\u00e1ncer se podr\u00edan prevenir evitando la exposici\u00f3n a  factores de riesgo comunes  como el humo de tabaco. Adem\u00e1s, un porcentaje importante de c\u00e1nceres pueden curarse mediante cirug\u00eda, radioterapia o quimioterapia, especialmente si se detectan en una fase temprana. <\/p>\n<p> Los c\u00e1nceres m\u00e1s mort\u00edferos son los de pulm\u00f3n, est\u00f3mago, h\u00edgado, colon y mama . Adem\u00e1s, la ONU recuerda que aproximadamente un 30% de las muertes se deben a cinco factores de riesgo:  \u00edndice de masa corporal elevado , ingesta reducida de  frutas y verduras , falta de  actividad f\u00edsica , consumo de  tabaco  y consumo de  alcohol . <\/p>\n<p>\u00a0 <\/p>\n<p>\u00a0 <\/p>\n","protected":false},"excerpt":{"rendered":"<p>La Organizaci\u00f3n Mundial de la Salud (OMS) conmemora el D\u00eda <a href=\"https:\/\/sertv.gob.pa\/nacionalfm\/en-20-anos-el-cancer-aumentara-a-22-millones-de-casos-anuales\/\"> [&#8230;]<\/a><\/p>\n","protected":false},"author":1,"featured_media":18301,"comment_status":"closed","ping_status":"closed","sticky":false,"template":"","format":"standard","meta":{"footnotes":""},"categories":[5],"tags":[],"class_list":["post-18300","post","type-post","status-publish","format-standard","has-post-thumbnail","hentry","category-salud"],"_links":{"self":[{"href":"https:\/\/sertv.gob.pa\/nacionalfm\/wp-json\/wp\/v2\/posts\/18300","targetHints":{"allow":["GET"]}}],"collection":[{"href":"https:\/\/sertv.gob.pa\/nacionalfm\/wp-json\/wp\/v2\/posts"}],"about":[{"href":"https:\/\/sertv.gob.pa\/nacionalfm\/wp-json\/wp\/v2\/types\/post"}],"author":[{"embeddable":true,"href":"https:\/\/sertv.gob.pa\/nacionalfm\/wp-json\/wp\/v2\/users\/1"}],"replies":[{"embeddable":true,"href":"https:\/\/sertv.gob.pa\/nacionalfm\/wp-json\/wp\/v2\/comments?post=18300"}],"version-history":[{"count":0,"href":"https:\/\/sertv.gob.pa\/nacionalfm\/wp-json\/wp\/v2\/posts\/18300\/revisions"}],"wp:featuredmedia":[{"embeddable":true,"href":"https:\/\/sertv.gob.pa\/nacionalfm\/wp-json\/wp\/v2\/media\/18301"}],"wp:attachment":[{"href":"https:\/\/sertv.gob.pa\/nacionalfm\/wp-json\/wp\/v2\/media?parent=18300"}],"wp:term":[{"taxonomy":"category","embeddable":true,"href":"https:\/\/sertv.gob.pa\/nacionalfm\/wp-json\/wp\/v2\/categories?post=18300"},{"taxonomy":"post_tag","embeddable":true,"href":"https:\/\/sertv.gob.pa\/nacionalfm\/wp-json\/wp\/v2\/tags?post=18300"}],"curies":[{"name":"wp","href":"https:\/\/api.w.org\/{rel}","templated":true}]}}