{"id":18326,"date":"2017-02-10T18:24:10","date_gmt":"2017-02-10T18:24:10","guid":{"rendered":""},"modified":"2017-02-10T18:24:10","modified_gmt":"2017-02-10T18:24:10","slug":"solicitan-a-lideres-religiosos-que-fomenten-donacion-de-organos","status":"publish","type":"post","link":"https:\/\/sertv.gob.pa\/nacionalfm\/solicitan-a-lideres-religiosos-que-fomenten-donacion-de-organos\/","title":{"rendered":"Solicitan a l\u00edderes religiosos que fomenten donaci\u00f3n de \u00f3rganos"},"content":{"rendered":"<p>\nExpertos reunidos en el Vaticano para abordar \u00abel drama actual\u00bb del tr\u00e1fico de \u00f3rganos humanos instaron a los l\u00edderes religiosos a fomentar la \u00abdonaci\u00f3n \u00e9tica\u00bb y condenar las actividades il\u00edcitas. <\/p>\n<p>En una declaraci\u00f3n distribuida luego de \u00a0dos d\u00edas de reuniones en el Vaticano los expertos -m\u00e9dicos y representantes de organizaciones relacionadas con gesti\u00f3n de trasplantes- solicitaron a esos l\u00edderes que condenen el tr\u00e1fico de \u00f3rganos humanos. <\/p>\n<p>Adem\u00e1s, pidieron que los Estados dispongan de los recursos necesarios para que se alcance en ellos la autosuficiencia en el \u00e1mbito de la donaci\u00f3n de \u00f3rganos y se pueda acceder a sus programas nacionales de trasplantes \u00abde modo \u00e9tico y reglamentado\u00bb. <\/p>\n<p>Los reunidos en el Vaticano, convocados por la Pontificia Academia de Ciencias, declaran que el tr\u00e1fico ilegal sucede \u00abporque algunos Estados han fallado en su responsabilidad de responder a la necesidad de sus ciudadanos de obtener un trasplante de \u00f3rgano\u00bb. <\/p>\n<p>Por eso apelan a los Gobiernos a que establezcan un marco legal que defina la prevenci\u00f3n y persecuci\u00f3n de los cr\u00edmenes relacionados con el trasplante de \u00f3rganos, \u00abindependientemente de donde los cr\u00edmenes se puedan haber cometido\u00bb. <\/p>\n<p>Y por ello instan a que los Estados sean parte del Convenio del Consejo de Europa contra el Tr\u00e1fico de \u00d3rganos. <\/p>\n<p>Piden que haya registros en cada pa\u00eds de todas las actividades relacionadas con la obtenci\u00f3n y trasplante de \u00f3rganos, as\u00ed como de los protagonizados entre sus ciudadanos y los de otros Estados y que se compartan los datos entre naciones. <\/p>\n<p>Consideran que los profesionales de la salud deben contar con un \u00abmarco legal\u00bb que facilite que informen de casos sospechosos de trasplantes practicados en un entorno criminal pero que al mismo tiempo se respeten \u00absus obligaciones profesionales con los pacientes\u00bb. <\/p>\n<p>Por \u00faltimo, piden a las autoridades, a las aseguradoras y a las entidades caritativas que no cubran los costes de trasplantes que tengan relaci\u00f3n con el tr\u00e1fico de \u00f3rganos. <\/p>\n<p>\u00a0 <\/p>\n","protected":false},"excerpt":{"rendered":"<p>Expertos reunidos en el Vaticano para abordar \u00abel drama actual\u00bb <a href=\"https:\/\/sertv.gob.pa\/nacionalfm\/solicitan-a-lideres-religiosos-que-fomenten-donacion-de-organos\/\"> [&#8230;]<\/a><\/p>\n","protected":false},"author":1,"featured_media":18327,"comment_status":"closed","ping_status":"closed","sticky":false,"template":"","format":"standard","meta":{"footnotes":""},"categories":[5],"tags":[],"class_list":["post-18326","post","type-post","status-publish","format-standard","has-post-thumbnail","hentry","category-salud"],"_links":{"self":[{"href":"https:\/\/sertv.gob.pa\/nacionalfm\/wp-json\/wp\/v2\/posts\/18326","targetHints":{"allow":["GET"]}}],"collection":[{"href":"https:\/\/sertv.gob.pa\/nacionalfm\/wp-json\/wp\/v2\/posts"}],"about":[{"href":"https:\/\/sertv.gob.pa\/nacionalfm\/wp-json\/wp\/v2\/types\/post"}],"author":[{"embeddable":true,"href":"https:\/\/sertv.gob.pa\/nacionalfm\/wp-json\/wp\/v2\/users\/1"}],"replies":[{"embeddable":true,"href":"https:\/\/sertv.gob.pa\/nacionalfm\/wp-json\/wp\/v2\/comments?post=18326"}],"version-history":[{"count":0,"href":"https:\/\/sertv.gob.pa\/nacionalfm\/wp-json\/wp\/v2\/posts\/18326\/revisions"}],"wp:featuredmedia":[{"embeddable":true,"href":"https:\/\/sertv.gob.pa\/nacionalfm\/wp-json\/wp\/v2\/media\/18327"}],"wp:attachment":[{"href":"https:\/\/sertv.gob.pa\/nacionalfm\/wp-json\/wp\/v2\/media?parent=18326"}],"wp:term":[{"taxonomy":"category","embeddable":true,"href":"https:\/\/sertv.gob.pa\/nacionalfm\/wp-json\/wp\/v2\/categories?post=18326"},{"taxonomy":"post_tag","embeddable":true,"href":"https:\/\/sertv.gob.pa\/nacionalfm\/wp-json\/wp\/v2\/tags?post=18326"}],"curies":[{"name":"wp","href":"https:\/\/api.w.org\/{rel}","templated":true}]}}