{"id":18358,"date":"2017-02-13T18:10:20","date_gmt":"2017-02-13T18:10:20","guid":{"rendered":""},"modified":"2017-02-13T18:10:20","modified_gmt":"2017-02-13T18:10:20","slug":"gen-esencial-en-la-resistencia-de-cancer-de-mama-es-identificado","status":"publish","type":"post","link":"https:\/\/sertv.gob.pa\/nacionalfm\/gen-esencial-en-la-resistencia-de-cancer-de-mama-es-identificado\/","title":{"rendered":"Gen \u2018esencial&#8217; en la resistencia de c\u00e1ncer de mama es identificado"},"content":{"rendered":"<p>\nInvestigadores del Instituto espa\u00f1ol de Investigaci\u00f3n del Cl\u00ednico-Incliva han identificado por primera vez un gen que juega &lsquo;un papel esencial&#8217; en la creaci\u00f3n de resistencias al tratamiento de uno de los c\u00e1nceres de mama m\u00e1s agresivos, el HER2. <\/p>\n<p>Seg\u00fan explicaron a Efe fuentes del Incliva, se trata del gen CNNE2, que seg\u00fan la investigaci\u00f3n que se ha desarrollado \u00edntegramente por un grupo de investigaci\u00f3n valenciano, es un biomarcador potencial para prevenir la resistencia al tratamiento. <\/p>\n<p>El trabajo, dirigido por la doctora Pilar Eroles, del Grupo de Investigaci\u00f3n de Biolog\u00eda del C\u00e1ncer de Mama, se ha publicado en enero pasado en la revista internacional Scientific Reports. <\/p>\n<p>El estudio precl\u00ednico efectuado en c\u00e9lulas confirma que dos micro-RNAs, miR-26a y miR-30b, intervienen en la respuesta del organismo al tratamiento habitual de uno de los tipos de c\u00e1ncer de mama m\u00e1s agresivo, el llamado HER2, y que el gen CNNE2 puede prevenir la resistencia al tratamiento. <\/p>\n<p>Pilar Eroles, directora del Laboratorio de Oncolog\u00eda Molecular y Celular (LOMC), asegur\u00f3 que en caso del c\u00e1ncer de mama HER2 hay pacientes &lsquo;que responden muy bien al tratamiento con trastuzumab, mientras que otras no responden, o una vez empezado el tratamiento su cuerpo desarrolla resistencias al mismo&#8217;. <\/p>\n<p>El proyecto se ha realizado con tres tipos de c\u00e9lulas: unas sensibles al tratamiento de trastuzumab, otras con resistencia innata, y unas terceras que desarrollan la resistencia tras el tratamiento, reproduciendo los tipos de pacientes que se producen en la cl\u00ednica. <\/p>\n<p>Seg\u00fan la doctora Eroles, al analizar los micro-RNAs presentes en los diferentes tipos de c\u00e9lula mediante PCR cuantitativa, detectaron que dos de ellos, miR-26a y miR-30b, se expresaban de forma distinta seg\u00fan el tipo de c\u00e9lula al aplicarles el tratamiento con trastuzumab. <\/p>\n<p>As\u00ed, agreg\u00f3, en las c\u00e9lulas sensibles estos micro-RNAs estaban sobre-expresados, mientras que en las c\u00e9lulas con resistencia innata o adquirida los mismos micro-RNAs no se sobre-expresaban luego del tratamiento. <\/p>\n<p>&lsquo;Detectamos tambi\u00e9n que la aplicaci\u00f3n del trastuzumab alteraba el gen CNNE2, aumentando o disminuyendo su expresi\u00f3n seg\u00fan fuera una c\u00e9lula resistente o sensible al tratamiento, y que la inhibici\u00f3n de este gen es capaz de revertir la resistencia adquirida al f\u00e1rmaco&#8217;, precis\u00f3. <\/p>\n<p>Seg\u00fan apunt\u00f3, la segunda fase del estudio debe realizarse con muestras de tumores y, si los datos se confirman, dise\u00f1ar una terapia inhibidora. <\/p>\n<p>\u00a0 <\/p>\n","protected":false},"excerpt":{"rendered":"<p>Investigadores del Instituto espa\u00f1ol de Investigaci\u00f3n del Cl\u00ednico-Incliva han identificado <a href=\"https:\/\/sertv.gob.pa\/nacionalfm\/gen-esencial-en-la-resistencia-de-cancer-de-mama-es-identificado\/\"> [&#8230;]<\/a><\/p>\n","protected":false},"author":1,"featured_media":18359,"comment_status":"closed","ping_status":"closed","sticky":false,"template":"","format":"standard","meta":{"footnotes":""},"categories":[5],"tags":[],"class_list":["post-18358","post","type-post","status-publish","format-standard","has-post-thumbnail","hentry","category-salud"],"_links":{"self":[{"href":"https:\/\/sertv.gob.pa\/nacionalfm\/wp-json\/wp\/v2\/posts\/18358","targetHints":{"allow":["GET"]}}],"collection":[{"href":"https:\/\/sertv.gob.pa\/nacionalfm\/wp-json\/wp\/v2\/posts"}],"about":[{"href":"https:\/\/sertv.gob.pa\/nacionalfm\/wp-json\/wp\/v2\/types\/post"}],"author":[{"embeddable":true,"href":"https:\/\/sertv.gob.pa\/nacionalfm\/wp-json\/wp\/v2\/users\/1"}],"replies":[{"embeddable":true,"href":"https:\/\/sertv.gob.pa\/nacionalfm\/wp-json\/wp\/v2\/comments?post=18358"}],"version-history":[{"count":0,"href":"https:\/\/sertv.gob.pa\/nacionalfm\/wp-json\/wp\/v2\/posts\/18358\/revisions"}],"wp:featuredmedia":[{"embeddable":true,"href":"https:\/\/sertv.gob.pa\/nacionalfm\/wp-json\/wp\/v2\/media\/18359"}],"wp:attachment":[{"href":"https:\/\/sertv.gob.pa\/nacionalfm\/wp-json\/wp\/v2\/media?parent=18358"}],"wp:term":[{"taxonomy":"category","embeddable":true,"href":"https:\/\/sertv.gob.pa\/nacionalfm\/wp-json\/wp\/v2\/categories?post=18358"},{"taxonomy":"post_tag","embeddable":true,"href":"https:\/\/sertv.gob.pa\/nacionalfm\/wp-json\/wp\/v2\/tags?post=18358"}],"curies":[{"name":"wp","href":"https:\/\/api.w.org\/{rel}","templated":true}]}}