{"id":18390,"date":"2017-02-14T18:20:18","date_gmt":"2017-02-14T18:20:18","guid":{"rendered":""},"modified":"2017-02-14T18:20:18","modified_gmt":"2017-02-14T18:20:18","slug":"malestar-emocional-duplica-el-riesgo-de-infarto","status":"publish","type":"post","link":"https:\/\/sertv.gob.pa\/nacionalfm\/malestar-emocional-duplica-el-riesgo-de-infarto\/","title":{"rendered":"Malestar emocional duplica el riesgo de infarto"},"content":{"rendered":"<p>\nExperimentar malestar emocional\u00a0 (sentirse enfadado) o \u00a0un esfuerzo f\u00edsico pesado, parece duplicar el peligro de infarto. Todav\u00eda peor si combinamos ambos factores, es decir si adem\u00e1s de enojado, o molesto emocionalmente, efect\u00faas \u00a0alg\u00fan esfuerzo f\u00edsico pesado tu riesgo de ataque al coraz\u00f3n se triplica, seg\u00fan una nueva investigaci\u00f3n que se publica en &#8216;Circulation&#8217;, la revista de la Asociaci\u00f3n Americana del Coraz\u00f3n. <\/p>\n<p>Lo bueno del estudio es que las conclusiones parecen confirmar que una actividad f\u00edsica adecuada y regular ayuda a prevenir los ataques cardiacos en personas expuestas a estos factores de riesgo. <\/p>\n<p>En un gran estudio internacional,  los investigadores hallaron una asociaci\u00f3n (m\u00e1s del doble de riesgo) entre el malestar emocional y la aparici\u00f3n de los s\u00edntomas de ataque al coraz\u00f3n dentro de una hora;  igual que sucede con el esfuerzo f\u00edsico pesado durante la hora antes de un primer ataque al coraz\u00f3n. Sin embargo, la relaci\u00f3n fue m\u00e1s fuerte (m\u00e1s de tres veces el riesgo) en aquellos pacientes que recordaban estar tristes o tener un trastorno emocional y al mismo tiempo participar en el esfuerzo f\u00edsico pesado.<br \/>\n\u00a0 \u00a0<br \/>\n\u00abEstudios anteriores han explorado estos desencadenantes de un ataque al coraz\u00f3n; pero ten\u00edan menor n\u00famero de participantes o se completaron en un pa\u00eds, y los datos de muchas partes del mundo son limitados\u00bb, afirma Andrew Smyth, autor principal del estudio e investigador en el Instituto de Investigaci\u00f3n de la Salud de la Poblaci\u00f3n en la Universidad McMaster en Canad\u00e1, y en el Centro de Investigaci\u00f3n Cl\u00ednica HRB en Galway, Irlanda. <\/p>\n<p>\u00abEs el primer estudio que representa tantas regiones del mundo, incluyendo la mayor\u00eda de los principales grupos \u00e9tnicos de todo el mundo\u00bb, subraya.<br \/>\n\u00a0 \u00a0<br \/>\nLos investigadores analizaron los datos de 12.461 pacientes con una edad media de 58 a\u00f1os que participaron en InterHeart, un estudio de pacientes con ataques al coraz\u00f3n por primera vez a lo largo de 52 pa\u00edses. Los participantes completaron un cuestionario acerca de si hab\u00edan tenido alguno de los factores desencadenantes durante la hora antes de su ataque al coraz\u00f3n y si hab\u00edan experimentado alguno de los factores desencadenantes en la misma hora el d\u00eda anterior al infarto cardiaco. <\/p>\n","protected":false},"excerpt":{"rendered":"<p>Experimentar malestar emocional\u00a0 (sentirse enfadado) o \u00a0un esfuerzo f\u00edsico pesado, <a href=\"https:\/\/sertv.gob.pa\/nacionalfm\/malestar-emocional-duplica-el-riesgo-de-infarto\/\"> [&#8230;]<\/a><\/p>\n","protected":false},"author":1,"featured_media":18391,"comment_status":"closed","ping_status":"closed","sticky":false,"template":"","format":"standard","meta":{"footnotes":""},"categories":[5],"tags":[],"class_list":["post-18390","post","type-post","status-publish","format-standard","has-post-thumbnail","hentry","category-salud"],"_links":{"self":[{"href":"https:\/\/sertv.gob.pa\/nacionalfm\/wp-json\/wp\/v2\/posts\/18390","targetHints":{"allow":["GET"]}}],"collection":[{"href":"https:\/\/sertv.gob.pa\/nacionalfm\/wp-json\/wp\/v2\/posts"}],"about":[{"href":"https:\/\/sertv.gob.pa\/nacionalfm\/wp-json\/wp\/v2\/types\/post"}],"author":[{"embeddable":true,"href":"https:\/\/sertv.gob.pa\/nacionalfm\/wp-json\/wp\/v2\/users\/1"}],"replies":[{"embeddable":true,"href":"https:\/\/sertv.gob.pa\/nacionalfm\/wp-json\/wp\/v2\/comments?post=18390"}],"version-history":[{"count":0,"href":"https:\/\/sertv.gob.pa\/nacionalfm\/wp-json\/wp\/v2\/posts\/18390\/revisions"}],"wp:featuredmedia":[{"embeddable":true,"href":"https:\/\/sertv.gob.pa\/nacionalfm\/wp-json\/wp\/v2\/media\/18391"}],"wp:attachment":[{"href":"https:\/\/sertv.gob.pa\/nacionalfm\/wp-json\/wp\/v2\/media?parent=18390"}],"wp:term":[{"taxonomy":"category","embeddable":true,"href":"https:\/\/sertv.gob.pa\/nacionalfm\/wp-json\/wp\/v2\/categories?post=18390"},{"taxonomy":"post_tag","embeddable":true,"href":"https:\/\/sertv.gob.pa\/nacionalfm\/wp-json\/wp\/v2\/tags?post=18390"}],"curies":[{"name":"wp","href":"https:\/\/api.w.org\/{rel}","templated":true}]}}