{"id":18416,"date":"2017-02-15T18:14:12","date_gmt":"2017-02-15T18:14:12","guid":{"rendered":""},"modified":"2017-02-15T18:14:12","modified_gmt":"2017-02-15T18:14:12","slug":"el-brote-de-sarampion-en-barcelona-suma-un-caso-nuevo","status":"publish","type":"post","link":"https:\/\/sertv.gob.pa\/nacionalfm\/el-brote-de-sarampion-en-barcelona-suma-un-caso-nuevo\/","title":{"rendered":"El brote de sarampi\u00f3n en Barcelona suma un caso nuevo"},"content":{"rendered":"<p>\nEl brote de sarampi\u00f3n en Barcelona, relacionado con un caso  importado de China a principios de enero , ha sumado un nuevo caso a los 12 ya confirmados y la Agencia de Salud P\u00fablica de Barcelona (ASPB) estudia otros 3 como \u00abprobables\u00bb. <\/p>\n<p>Salud P\u00fablica de Barcelona ha anunciado este martes que ha registrado un total de  22 casos \u00absospechosos\u00bb de estar relacionados  con el brote de sarampi\u00f3n, de los cuales 13 han sido confirmados, ha informado la ASPB en un comunicado. <\/p>\n<p>La investigaci\u00f3n epidemiol\u00f3gica \u00abcontin\u00faa abierta\u00bb y se ha recomendado al personal de los centros sanitarios que est\u00e9n alerta ante posibles nuevos casos de sarampi\u00f3n. <\/p>\n<p>Los afectados son adultos de entre 24 y 47 a\u00f1os &#8211;excepto dos ni\u00f1os de ocho a\u00f1os y 15 meses de edad&#8211; que no estaban vacunados o bien lo estaban pero de \u00abforma incompleta\u00bb. <\/p>\n<p>Entre las personas que han contra\u00eddo el virus hay personal sanitario, hecho que \u00abobliga a recordar a los profesionales la necesidad de vacunarse, as\u00ed como de extremar la vigilancia y la prevenci\u00f3n en el entorno asistencial\u00bb, ha dicho la ASPB. <\/p>\n<p>La ASPB ha recordado que la vacunaci\u00f3n sistem\u00e1tica se aplica a los ni\u00f1os a los 12 meses y a los tres a\u00f1os, por lo que \u00abel nivel de cobertura vacunal es elevado y la protecci\u00f3n, muy alta\u00bb. <\/p>\n<p>Ante un caso sospechoso, la ASPB contacta con el afectado para realizar una encuesta epidemiol\u00f3gica, facilitar medidas diagn\u00f3sticas para confirmar el caso, realizar la intervenci\u00f3n necesaria y evaluar los contactos. <\/p>\n<p>Cada a\u00f1o,  Salud P\u00fablica estudia e interviene en m\u00e1s de 190 brotes de diferentes enfermedades infecciosas , muchas de ellas vacunables. <\/p>\n<p>\u00a0 <\/p>\n","protected":false},"excerpt":{"rendered":"<p>El brote de sarampi\u00f3n en Barcelona, relacionado con un caso <a href=\"https:\/\/sertv.gob.pa\/nacionalfm\/el-brote-de-sarampion-en-barcelona-suma-un-caso-nuevo\/\"> [&#8230;]<\/a><\/p>\n","protected":false},"author":1,"featured_media":18417,"comment_status":"closed","ping_status":"closed","sticky":false,"template":"","format":"standard","meta":{"footnotes":""},"categories":[5],"tags":[],"class_list":["post-18416","post","type-post","status-publish","format-standard","has-post-thumbnail","hentry","category-salud"],"_links":{"self":[{"href":"https:\/\/sertv.gob.pa\/nacionalfm\/wp-json\/wp\/v2\/posts\/18416","targetHints":{"allow":["GET"]}}],"collection":[{"href":"https:\/\/sertv.gob.pa\/nacionalfm\/wp-json\/wp\/v2\/posts"}],"about":[{"href":"https:\/\/sertv.gob.pa\/nacionalfm\/wp-json\/wp\/v2\/types\/post"}],"author":[{"embeddable":true,"href":"https:\/\/sertv.gob.pa\/nacionalfm\/wp-json\/wp\/v2\/users\/1"}],"replies":[{"embeddable":true,"href":"https:\/\/sertv.gob.pa\/nacionalfm\/wp-json\/wp\/v2\/comments?post=18416"}],"version-history":[{"count":0,"href":"https:\/\/sertv.gob.pa\/nacionalfm\/wp-json\/wp\/v2\/posts\/18416\/revisions"}],"wp:featuredmedia":[{"embeddable":true,"href":"https:\/\/sertv.gob.pa\/nacionalfm\/wp-json\/wp\/v2\/media\/18417"}],"wp:attachment":[{"href":"https:\/\/sertv.gob.pa\/nacionalfm\/wp-json\/wp\/v2\/media?parent=18416"}],"wp:term":[{"taxonomy":"category","embeddable":true,"href":"https:\/\/sertv.gob.pa\/nacionalfm\/wp-json\/wp\/v2\/categories?post=18416"},{"taxonomy":"post_tag","embeddable":true,"href":"https:\/\/sertv.gob.pa\/nacionalfm\/wp-json\/wp\/v2\/tags?post=18416"}],"curies":[{"name":"wp","href":"https:\/\/api.w.org\/{rel}","templated":true}]}}