{"id":18432,"date":"2017-02-16T16:20:08","date_gmt":"2017-02-16T16:20:08","guid":{"rendered":""},"modified":"2017-02-16T16:20:08","modified_gmt":"2017-02-16T16:20:08","slug":"aumenta-la-radiacion-solar","status":"publish","type":"post","link":"https:\/\/sertv.gob.pa\/nacionalfm\/aumenta-la-radiacion-solar\/","title":{"rendered":"Aumenta la radiaci\u00f3n solar"},"content":{"rendered":"<p>\nPara esta \u00e9poca la gente disfruta de las salidas a las playas y actividades al aire libre, sin tomar conciencia que deben utilizar bloqueador solar. <\/p>\n<p>El departamento de meteorolog\u00eda de ETESA mide cu\u00e1l es la incidencia de los rayos UV; en su \u00faltima advertencia anunci\u00f3 que debido a la oblicuidad del planeta con respecto al sol, permitir\u00e1 la incursi\u00f3n de alta radiaci\u00f3n, generando ardor en la piel. <\/p>\n<p>Por eso, la presidenta de la Asociaci\u00f3n Paname\u00f1a de Dermatolog\u00eda Doria de Marchena manifest\u00f3 que es importante utilizar bloqueador, aunque estemos en la oficina. <\/p>\n<p>&ldquo;El mismo sol que recibimos en la playa nos puede reflejar en nuestros puestos de trabajo, en el transcurso del d\u00eda o durante la movilizaci\u00f3n, ya que hay ventanas o nos exponemos cuando salimos&rdquo;, se\u00f1al\u00f3. <\/p>\n<p>Manifiesta que si estamos laborando, es necesario aplicar crema solar cada cuatro horas; por el contrario, si hacemos actividad al aire libre, son cada dos. <\/p>\n<p>La doctora dio a conocer que tramitan un Solarm\u00e1fono (sem\u00e1foro que indica la cantidad de radiaci\u00f3n), y el mismo se ubicar\u00e1 en Amador. <\/p>\n<p>\u00a0 <\/p>\n","protected":false},"excerpt":{"rendered":"<p>Para esta \u00e9poca la gente disfruta de las salidas a <a href=\"https:\/\/sertv.gob.pa\/nacionalfm\/aumenta-la-radiacion-solar\/\"> [&#8230;]<\/a><\/p>\n","protected":false},"author":1,"featured_media":18433,"comment_status":"closed","ping_status":"closed","sticky":false,"template":"","format":"standard","meta":{"footnotes":""},"categories":[5],"tags":[],"class_list":["post-18432","post","type-post","status-publish","format-standard","has-post-thumbnail","hentry","category-salud"],"_links":{"self":[{"href":"https:\/\/sertv.gob.pa\/nacionalfm\/wp-json\/wp\/v2\/posts\/18432","targetHints":{"allow":["GET"]}}],"collection":[{"href":"https:\/\/sertv.gob.pa\/nacionalfm\/wp-json\/wp\/v2\/posts"}],"about":[{"href":"https:\/\/sertv.gob.pa\/nacionalfm\/wp-json\/wp\/v2\/types\/post"}],"author":[{"embeddable":true,"href":"https:\/\/sertv.gob.pa\/nacionalfm\/wp-json\/wp\/v2\/users\/1"}],"replies":[{"embeddable":true,"href":"https:\/\/sertv.gob.pa\/nacionalfm\/wp-json\/wp\/v2\/comments?post=18432"}],"version-history":[{"count":0,"href":"https:\/\/sertv.gob.pa\/nacionalfm\/wp-json\/wp\/v2\/posts\/18432\/revisions"}],"wp:featuredmedia":[{"embeddable":true,"href":"https:\/\/sertv.gob.pa\/nacionalfm\/wp-json\/wp\/v2\/media\/18433"}],"wp:attachment":[{"href":"https:\/\/sertv.gob.pa\/nacionalfm\/wp-json\/wp\/v2\/media?parent=18432"}],"wp:term":[{"taxonomy":"category","embeddable":true,"href":"https:\/\/sertv.gob.pa\/nacionalfm\/wp-json\/wp\/v2\/categories?post=18432"},{"taxonomy":"post_tag","embeddable":true,"href":"https:\/\/sertv.gob.pa\/nacionalfm\/wp-json\/wp\/v2\/tags?post=18432"}],"curies":[{"name":"wp","href":"https:\/\/api.w.org\/{rel}","templated":true}]}}