{"id":1844,"date":"2014-10-04T05:00:00","date_gmt":"2014-10-04T05:00:00","guid":{"rendered":""},"modified":"2014-10-04T05:00:00","modified_gmt":"2014-10-04T05:00:00","slug":"minsa-intenta-prevenir-incremento-de-casos-de-virus-hanta","status":"publish","type":"post","link":"https:\/\/sertv.gob.pa\/nacionalfm\/minsa-intenta-prevenir-incremento-de-casos-de-virus-hanta\/","title":{"rendered":"Minsa intenta prevenir incremento de casos de virus hanta"},"content":{"rendered":"<p>\nEl Ministerio de Salud (Minsa) distribuye silos met\u00e1licos con capacidad de 20 quintales cada uno para el almacenamiento de granos como una de las medidas para evitar que los casos de virus hanta se incrementen en la provincia de Los Santos. <\/p>\n<p>Nahir Cede\u00f1o, directora del Minsa en Los Santos, \u00a0detall\u00f3 que se han distribuido hasta el momento en la regi\u00f3n 325 de los 500 silos met\u00e1licos destinados para el almacenamiento de los granos en esa provincia. <\/p>\n<p>Seg\u00fan el reporte del Minsa, en lo que va de 2014 se han reportado 58 casos de este virus. Igualmente se\u00f1ala que el 85% de los pacientes provienen del Valle de Tonos\u00ed. <\/p>\n<p>Se han registrado 27 casos por S\u00edndrome Cardiopulmonar por virus hanta y 31 por fiebre de virus hanta. <\/p>\n<p>El presidente del \u00abComit\u00e9 de apoyo a los enfermos por el virus hanta\u00bb en la regi\u00f3n de Azuero, Dar\u00edo Ernesto Saavedra, solicit\u00f3 a las autoridades paname\u00f1as que hagan un estudio m\u00e1s profundo para determinar las causas del aumento de esta enfermedad en la provincia de Los Santos.\u00a0 @nacionalFm <\/p>\n<p>\u00a0 <\/p>\n<p>\u00a0 <\/p>\n","protected":false},"excerpt":{"rendered":"<p>El Ministerio de Salud (Minsa) distribuye silos met\u00e1licos con capacidad <a href=\"https:\/\/sertv.gob.pa\/nacionalfm\/minsa-intenta-prevenir-incremento-de-casos-de-virus-hanta\/\"> [&#8230;]<\/a><\/p>\n","protected":false},"author":1,"featured_media":1845,"comment_status":"closed","ping_status":"closed","sticky":false,"template":"","format":"standard","meta":{"footnotes":""},"categories":[5],"tags":[],"class_list":["post-1844","post","type-post","status-publish","format-standard","has-post-thumbnail","hentry","category-salud"],"_links":{"self":[{"href":"https:\/\/sertv.gob.pa\/nacionalfm\/wp-json\/wp\/v2\/posts\/1844","targetHints":{"allow":["GET"]}}],"collection":[{"href":"https:\/\/sertv.gob.pa\/nacionalfm\/wp-json\/wp\/v2\/posts"}],"about":[{"href":"https:\/\/sertv.gob.pa\/nacionalfm\/wp-json\/wp\/v2\/types\/post"}],"author":[{"embeddable":true,"href":"https:\/\/sertv.gob.pa\/nacionalfm\/wp-json\/wp\/v2\/users\/1"}],"replies":[{"embeddable":true,"href":"https:\/\/sertv.gob.pa\/nacionalfm\/wp-json\/wp\/v2\/comments?post=1844"}],"version-history":[{"count":0,"href":"https:\/\/sertv.gob.pa\/nacionalfm\/wp-json\/wp\/v2\/posts\/1844\/revisions"}],"wp:featuredmedia":[{"embeddable":true,"href":"https:\/\/sertv.gob.pa\/nacionalfm\/wp-json\/wp\/v2\/media\/1845"}],"wp:attachment":[{"href":"https:\/\/sertv.gob.pa\/nacionalfm\/wp-json\/wp\/v2\/media?parent=1844"}],"wp:term":[{"taxonomy":"category","embeddable":true,"href":"https:\/\/sertv.gob.pa\/nacionalfm\/wp-json\/wp\/v2\/categories?post=1844"},{"taxonomy":"post_tag","embeddable":true,"href":"https:\/\/sertv.gob.pa\/nacionalfm\/wp-json\/wp\/v2\/tags?post=1844"}],"curies":[{"name":"wp","href":"https:\/\/api.w.org\/{rel}","templated":true}]}}