{"id":18472,"date":"2017-02-17T18:11:59","date_gmt":"2017-02-17T18:11:59","guid":{"rendered":""},"modified":"2017-02-17T18:11:59","modified_gmt":"2017-02-17T18:11:59","slug":"alimentos-que-no-hay-que-guardar-en-envases-plasticos","status":"publish","type":"post","link":"https:\/\/sertv.gob.pa\/nacionalfm\/alimentos-que-no-hay-que-guardar-en-envases-plasticos\/","title":{"rendered":"Alimentos que no hay que guardar en envases pl\u00e1sticos"},"content":{"rendered":"<p>\nEstas son las seis comidas que se estropean en envases pl\u00e1sticos <\/p>\n<p> Huevo crudo : El huevo crudo y sus derivados, como pueden ser la mayonesa o una tortilla bab\u00e9, son especialmente delicados por el riesgo de contaminaci\u00f3n de bacterias como la salmonelosis o E coli. Por este motivo, no se recomienda transportarlo en un tupper, a no ser que nos aseguraremos muy bien (mediante un envase t\u00e9rmico o hielo) de que no se pierde la cadena del fr\u00edo. <\/p>\n<p> Carne procesada : Hay que tener especial cuidado con las carnes procesadas que han estado manipuladas previamente, como por ejemplo la carne picada o los filetes rebozados. Al guardarse en el tupper (y m\u00e1s a\u00fan, al transportarlo) tienden a disminuir sus propiedades, estropearse m\u00e1s f\u00e1cilmente y perder su textura. <\/p>\n<p> Guisos : Los platos que se consumen a alta temperatura son compatibles con el tupper de pl\u00e1stico siempre y cuando se los deje enfriar muy bien antes de guardarlos. Si se respeta esa bajada de temperatura, el contacto con el pl\u00e1stico no generar\u00e1 vapor y se conservar\u00e1 mejor su textura. Adem\u00e1s, reduciremos el riesgo de desprendimiento de aditivos del pl\u00e1stico. <\/p>\n<p> Leche y derivados l\u00e1cteos : Ya sea en l\u00edquido (como el caf\u00e9 con leche) o en salsa (unos espaguetis con crema), el tupper favorece a los cambios de temperatura lo que podr\u00eda cortar el l\u00e1cteo y provocar malestares estomacales. <\/p>\n<p> Ensaladas ya condimentadas : Las hojas verdes y brotes que constituyen nuestras ensaladas no son amigas de los tuppers de pl\u00e1stico, especialmente cuando est\u00e1n condimentadas y fuera de la nevera ya que pierden lo m\u00e1s importante: su textura crujiente. <\/p>\n<p> Caf\u00e9 o t\u00e9:  El t\u00edpico recipiente con rosca para guardar el caf\u00e9 de la ma\u00f1ana y salir corriendo es el &ldquo;tupper para bebidas&rdquo; y, al igual que ocurre con los guisos, es mejor llenarlo cuando el l\u00edquido no est\u00e1 demasiado caliente, as\u00ed nos aseguramos de que no haya contaminaci\u00f3n del pl\u00e1stico a la bebida. <\/p>\n<p>\u00a0 <\/p>\n","protected":false},"excerpt":{"rendered":"<p>Estas son las seis comidas que se estropean en envases <a href=\"https:\/\/sertv.gob.pa\/nacionalfm\/alimentos-que-no-hay-que-guardar-en-envases-plasticos\/\"> [&#8230;]<\/a><\/p>\n","protected":false},"author":1,"featured_media":18473,"comment_status":"closed","ping_status":"closed","sticky":false,"template":"","format":"standard","meta":{"footnotes":""},"categories":[5],"tags":[],"class_list":["post-18472","post","type-post","status-publish","format-standard","has-post-thumbnail","hentry","category-salud"],"_links":{"self":[{"href":"https:\/\/sertv.gob.pa\/nacionalfm\/wp-json\/wp\/v2\/posts\/18472","targetHints":{"allow":["GET"]}}],"collection":[{"href":"https:\/\/sertv.gob.pa\/nacionalfm\/wp-json\/wp\/v2\/posts"}],"about":[{"href":"https:\/\/sertv.gob.pa\/nacionalfm\/wp-json\/wp\/v2\/types\/post"}],"author":[{"embeddable":true,"href":"https:\/\/sertv.gob.pa\/nacionalfm\/wp-json\/wp\/v2\/users\/1"}],"replies":[{"embeddable":true,"href":"https:\/\/sertv.gob.pa\/nacionalfm\/wp-json\/wp\/v2\/comments?post=18472"}],"version-history":[{"count":0,"href":"https:\/\/sertv.gob.pa\/nacionalfm\/wp-json\/wp\/v2\/posts\/18472\/revisions"}],"wp:featuredmedia":[{"embeddable":true,"href":"https:\/\/sertv.gob.pa\/nacionalfm\/wp-json\/wp\/v2\/media\/18473"}],"wp:attachment":[{"href":"https:\/\/sertv.gob.pa\/nacionalfm\/wp-json\/wp\/v2\/media?parent=18472"}],"wp:term":[{"taxonomy":"category","embeddable":true,"href":"https:\/\/sertv.gob.pa\/nacionalfm\/wp-json\/wp\/v2\/categories?post=18472"},{"taxonomy":"post_tag","embeddable":true,"href":"https:\/\/sertv.gob.pa\/nacionalfm\/wp-json\/wp\/v2\/tags?post=18472"}],"curies":[{"name":"wp","href":"https:\/\/api.w.org\/{rel}","templated":true}]}}