{"id":18486,"date":"2017-02-17T22:41:45","date_gmt":"2017-02-17T22:41:45","guid":{"rendered":""},"modified":"2017-02-17T22:41:45","modified_gmt":"2017-02-17T22:41:45","slug":"fepat-realiza-curso-de-resistencia-para-corredores","status":"publish","type":"post","link":"https:\/\/sertv.gob.pa\/nacionalfm\/fepat-realiza-curso-de-resistencia-para-corredores\/","title":{"rendered":"FEPAT realiza curso de resistencia para corredores"},"content":{"rendered":"<p>\nLa Federaci\u00f3n Paname\u00f1a de Atletismo anunci\u00f3 que el pr\u00f3ximo mi\u00e9rcoles 22 de febrero se llevar\u00e1 a cabo en el Campus Harmodio Arias Madrid, la primera charla para conocer, comparar y adquirir nuevos conocimientos dirigidos a ni\u00f1os, j\u00f3venes y adultos en el entrenamiento de resistencia para corredores con el expositor Lupe Alexis Roque, profesor y atleta de fondo. <\/p>\n<p>\u00a0 <\/p>\n","protected":false},"excerpt":{"rendered":"<p>La Federaci\u00f3n Paname\u00f1a de Atletismo anunci\u00f3 que el pr\u00f3ximo mi\u00e9rcoles <a href=\"https:\/\/sertv.gob.pa\/nacionalfm\/fepat-realiza-curso-de-resistencia-para-corredores\/\"> [&#8230;]<\/a><\/p>\n","protected":false},"author":1,"featured_media":18487,"comment_status":"closed","ping_status":"closed","sticky":false,"template":"","format":"standard","meta":{"footnotes":""},"categories":[4],"tags":[],"class_list":["post-18486","post","type-post","status-publish","format-standard","has-post-thumbnail","hentry","category-deportes"],"_links":{"self":[{"href":"https:\/\/sertv.gob.pa\/nacionalfm\/wp-json\/wp\/v2\/posts\/18486","targetHints":{"allow":["GET"]}}],"collection":[{"href":"https:\/\/sertv.gob.pa\/nacionalfm\/wp-json\/wp\/v2\/posts"}],"about":[{"href":"https:\/\/sertv.gob.pa\/nacionalfm\/wp-json\/wp\/v2\/types\/post"}],"author":[{"embeddable":true,"href":"https:\/\/sertv.gob.pa\/nacionalfm\/wp-json\/wp\/v2\/users\/1"}],"replies":[{"embeddable":true,"href":"https:\/\/sertv.gob.pa\/nacionalfm\/wp-json\/wp\/v2\/comments?post=18486"}],"version-history":[{"count":0,"href":"https:\/\/sertv.gob.pa\/nacionalfm\/wp-json\/wp\/v2\/posts\/18486\/revisions"}],"wp:featuredmedia":[{"embeddable":true,"href":"https:\/\/sertv.gob.pa\/nacionalfm\/wp-json\/wp\/v2\/media\/18487"}],"wp:attachment":[{"href":"https:\/\/sertv.gob.pa\/nacionalfm\/wp-json\/wp\/v2\/media?parent=18486"}],"wp:term":[{"taxonomy":"category","embeddable":true,"href":"https:\/\/sertv.gob.pa\/nacionalfm\/wp-json\/wp\/v2\/categories?post=18486"},{"taxonomy":"post_tag","embeddable":true,"href":"https:\/\/sertv.gob.pa\/nacionalfm\/wp-json\/wp\/v2\/tags?post=18486"}],"curies":[{"name":"wp","href":"https:\/\/api.w.org\/{rel}","templated":true}]}}