{"id":185,"date":"2014-07-09T05:00:00","date_gmt":"2014-07-09T05:00:00","guid":{"rendered":""},"modified":"2014-07-09T05:00:00","modified_gmt":"2014-07-09T05:00:00","slug":"prueba-de-sangre-puede-predecir-el-alzheimer","status":"publish","type":"post","link":"https:\/\/sertv.gob.pa\/nacionalfm\/prueba-de-sangre-puede-predecir-el-alzheimer\/","title":{"rendered":"Prueba de sangre puede predecir el Alzheimer"},"content":{"rendered":"<p>\nCient\u00edficos brit\u00e1nicos han desarrollado una prueba de sangre que puede predecir con bastante precisi\u00f3n el inicio del Alzheimer, lo que abre el camino para elaborar medicamentos que ayuden a tratar el mal con anticipaci\u00f3n. <\/p>\n<p>La prueba, que puede predecir con un 87% de exactitud si una persona desarrollar\u00e1 la enfermedad en el plazo de un a\u00f1o, ha estado a cargo de expertos de la Universidad inglesa de Oxford y el Kings College London, que han efectuado numerosos an\u00e1lisis de investigaci\u00f3n en los \u00faltimos 10 a\u00f1os. <\/p>\n<p>Los cient\u00edficos, que dieron a conocer su estudio y lo publicaron en la revista Alzheimer &#038; Dementia, han identificado 10 prote\u00ednas en la sangre que muestran que el mal es inminente luego de realizar las pruebas a m\u00e1s de mil personas. <\/p>\n<p>Este importante avance permitir\u00e1 ahora iniciar las pruebas cl\u00ednicas, aunque todav\u00eda pasar\u00e1n unos a\u00f1os hasta que el examen de sangre pueda estar disponible para la poblaci\u00f3n, se\u00f1alaron.\u00a0 @nacionalFm <\/p>\n<p>\u00a0 <\/p>\n","protected":false},"excerpt":{"rendered":"<p>Cient\u00edficos brit\u00e1nicos han desarrollado una prueba de sangre que puede <a href=\"https:\/\/sertv.gob.pa\/nacionalfm\/prueba-de-sangre-puede-predecir-el-alzheimer\/\"> [&#8230;]<\/a><\/p>\n","protected":false},"author":1,"featured_media":186,"comment_status":"closed","ping_status":"closed","sticky":false,"template":"","format":"standard","meta":{"footnotes":""},"categories":[5],"tags":[],"class_list":["post-185","post","type-post","status-publish","format-standard","has-post-thumbnail","hentry","category-salud"],"_links":{"self":[{"href":"https:\/\/sertv.gob.pa\/nacionalfm\/wp-json\/wp\/v2\/posts\/185","targetHints":{"allow":["GET"]}}],"collection":[{"href":"https:\/\/sertv.gob.pa\/nacionalfm\/wp-json\/wp\/v2\/posts"}],"about":[{"href":"https:\/\/sertv.gob.pa\/nacionalfm\/wp-json\/wp\/v2\/types\/post"}],"author":[{"embeddable":true,"href":"https:\/\/sertv.gob.pa\/nacionalfm\/wp-json\/wp\/v2\/users\/1"}],"replies":[{"embeddable":true,"href":"https:\/\/sertv.gob.pa\/nacionalfm\/wp-json\/wp\/v2\/comments?post=185"}],"version-history":[{"count":0,"href":"https:\/\/sertv.gob.pa\/nacionalfm\/wp-json\/wp\/v2\/posts\/185\/revisions"}],"wp:featuredmedia":[{"embeddable":true,"href":"https:\/\/sertv.gob.pa\/nacionalfm\/wp-json\/wp\/v2\/media\/186"}],"wp:attachment":[{"href":"https:\/\/sertv.gob.pa\/nacionalfm\/wp-json\/wp\/v2\/media?parent=185"}],"wp:term":[{"taxonomy":"category","embeddable":true,"href":"https:\/\/sertv.gob.pa\/nacionalfm\/wp-json\/wp\/v2\/categories?post=185"},{"taxonomy":"post_tag","embeddable":true,"href":"https:\/\/sertv.gob.pa\/nacionalfm\/wp-json\/wp\/v2\/tags?post=185"}],"curies":[{"name":"wp","href":"https:\/\/api.w.org\/{rel}","templated":true}]}}