{"id":18506,"date":"2017-02-20T18:28:18","date_gmt":"2017-02-20T18:28:18","guid":{"rendered":""},"modified":"2017-02-20T18:28:18","modified_gmt":"2017-02-20T18:28:18","slug":"violencia-infantil-dobla-riesgo-de-intentos-de-suicidio-en-jovenes","status":"publish","type":"post","link":"https:\/\/sertv.gob.pa\/nacionalfm\/violencia-infantil-dobla-riesgo-de-intentos-de-suicidio-en-jovenes\/","title":{"rendered":"Violencia infantil dobla riesgo de intentos de suicidio en j\u00f3venes"},"content":{"rendered":"<p>\nCada a\u00f1o  fallecen en el mundo m\u00e1s de un mill\u00f3n de personas como resultado de la violencia interpersonal, y muchas m\u00e1s sufren lesiones graves.  Los ni\u00f1os y los j\u00f3venes son los grupos con mayor peligro de ser v\u00edctimas de esta violencia que agrupa a la violencia f\u00edsica, el abuso sexual, el abuso emocional, la negligencia, el bullying, la violencia de pareja y la violencia en la comunidad. <\/p>\n<p>Todas las formas de  exposici\u00f3n a la violencia en edades tempranas est\u00e1n asociadas con mayor riesgo de futuros intentos de suicidio  y, en particular, con el suicidio en los j\u00f3venes y adultos j\u00f3venes,  en edades comprendidas entre los 12 y los 26 a\u00f1os de edad.  Por tipo de violencia, el abuso sexual infantil y el acoso escolar son los principales contribuyentes a estos intentos de suicidio. As\u00ed lo confirman investigadores del Instituto Hospital del Mar de Investigaciones M\u00e9dicas (IMIM) en una revisi\u00f3n de estudios. <\/p>\n<p>\u00abLos individuos que han sido v\u00edctimas de cualquier tipo de violencia interpersonal durante la infancia o adolescencia tienen dos veces m\u00e1s riesgo de llevar a cabo intentos de suicidio cuando son j\u00f3venes o adultos j\u00f3venes, y este riesgo casi se cuadruplica cuando el abuso ha sido sexual\u00bb, explica Jordi Alonso, coordinador del grupo de investigaci\u00f3n en Servicios Sanitarios del IMIM y director del estudio. <\/p>\n<p>\u00abPero la asociaci\u00f3n es mucho m\u00e1s alta para la muerte por suicidio que aumenta hasta 10 veces respecto a los que no han sido v\u00edctimas. La infancia y la adolescencia son per\u00edodos cr\u00edticos del desarrollo, asociados a una mayor sensibilidad, y la exposici\u00f3n a la violencia en estas edades se asocia con m\u00faltiples problemas emocionales y de comportamiento, entre los que se encontrar\u00eda una mayor vulnerabilidad a los comportamiento suicidas e, incluso, a la muerte por suicidio\u00bb,\u00a0a\u00f1ade. <\/p>\n<p>Es la primera vez que un estudio, publicado en\u00a0  Acta Psychiatrica Scandinavica  ,\u00a0proporciona una estimaci\u00f3n del riesgo de suicidio que supone la exposici\u00f3n a cualquier tipo de violencia durante la infancia, a partir de un an\u00e1lisis sistem\u00e1tico de todos los estudios efectuados sobre el tema en todo el mundo. <\/p>\n<p>\u00a0 <\/p>\n","protected":false},"excerpt":{"rendered":"<p>Cada a\u00f1o fallecen en el mundo m\u00e1s de un mill\u00f3n <a href=\"https:\/\/sertv.gob.pa\/nacionalfm\/violencia-infantil-dobla-riesgo-de-intentos-de-suicidio-en-jovenes\/\"> [&#8230;]<\/a><\/p>\n","protected":false},"author":1,"featured_media":18507,"comment_status":"closed","ping_status":"closed","sticky":false,"template":"","format":"standard","meta":{"footnotes":""},"categories":[5],"tags":[],"class_list":["post-18506","post","type-post","status-publish","format-standard","has-post-thumbnail","hentry","category-salud"],"_links":{"self":[{"href":"https:\/\/sertv.gob.pa\/nacionalfm\/wp-json\/wp\/v2\/posts\/18506","targetHints":{"allow":["GET"]}}],"collection":[{"href":"https:\/\/sertv.gob.pa\/nacionalfm\/wp-json\/wp\/v2\/posts"}],"about":[{"href":"https:\/\/sertv.gob.pa\/nacionalfm\/wp-json\/wp\/v2\/types\/post"}],"author":[{"embeddable":true,"href":"https:\/\/sertv.gob.pa\/nacionalfm\/wp-json\/wp\/v2\/users\/1"}],"replies":[{"embeddable":true,"href":"https:\/\/sertv.gob.pa\/nacionalfm\/wp-json\/wp\/v2\/comments?post=18506"}],"version-history":[{"count":0,"href":"https:\/\/sertv.gob.pa\/nacionalfm\/wp-json\/wp\/v2\/posts\/18506\/revisions"}],"wp:featuredmedia":[{"embeddable":true,"href":"https:\/\/sertv.gob.pa\/nacionalfm\/wp-json\/wp\/v2\/media\/18507"}],"wp:attachment":[{"href":"https:\/\/sertv.gob.pa\/nacionalfm\/wp-json\/wp\/v2\/media?parent=18506"}],"wp:term":[{"taxonomy":"category","embeddable":true,"href":"https:\/\/sertv.gob.pa\/nacionalfm\/wp-json\/wp\/v2\/categories?post=18506"},{"taxonomy":"post_tag","embeddable":true,"href":"https:\/\/sertv.gob.pa\/nacionalfm\/wp-json\/wp\/v2\/tags?post=18506"}],"curies":[{"name":"wp","href":"https:\/\/api.w.org\/{rel}","templated":true}]}}