{"id":18534,"date":"2017-02-21T17:18:27","date_gmt":"2017-02-21T17:18:27","guid":{"rendered":""},"modified":"2017-02-21T17:18:27","modified_gmt":"2017-02-21T17:18:27","slug":"tauro-comodo-en-el-comando-de-la-liga-panamena-de-futbol","status":"publish","type":"post","link":"https:\/\/sertv.gob.pa\/nacionalfm\/tauro-comodo-en-el-comando-de-la-liga-panamena-de-futbol\/","title":{"rendered":"Tauro c\u00f3modo en el comando de la Liga Paname\u00f1a de F\u00fatbol"},"content":{"rendered":"<p>\nEl Tauro FC se encuentra c\u00f3modo en el comando de la Liga Paname\u00f1a de F\u00fatbol con 17 puntos, seguidos del Atl\u00e9tico Verag\u00fcense con 14 \u00a0y en tercer lugar se ubica Plaza Amador con 13 puntos. <\/p>\n<p>En cuarto lugar con\u00a0 11 puntos se encuentra el Sporting San Miguelito, con 8 puntos el Santa Gema y el Chorrillo FC, \u00c1rabe Unido y el Alianza FC con 7, el San Francisco con 6 y en el s\u00f3tano con 3 se encuentra el Atl\u00e9tico Nacional. <\/p>\n","protected":false},"excerpt":{"rendered":"<p>El Tauro FC se encuentra c\u00f3modo en el comando de <a href=\"https:\/\/sertv.gob.pa\/nacionalfm\/tauro-comodo-en-el-comando-de-la-liga-panamena-de-futbol\/\"> [&#8230;]<\/a><\/p>\n","protected":false},"author":1,"featured_media":18535,"comment_status":"closed","ping_status":"closed","sticky":false,"template":"","format":"standard","meta":{"footnotes":""},"categories":[4],"tags":[],"class_list":["post-18534","post","type-post","status-publish","format-standard","has-post-thumbnail","hentry","category-deportes"],"_links":{"self":[{"href":"https:\/\/sertv.gob.pa\/nacionalfm\/wp-json\/wp\/v2\/posts\/18534","targetHints":{"allow":["GET"]}}],"collection":[{"href":"https:\/\/sertv.gob.pa\/nacionalfm\/wp-json\/wp\/v2\/posts"}],"about":[{"href":"https:\/\/sertv.gob.pa\/nacionalfm\/wp-json\/wp\/v2\/types\/post"}],"author":[{"embeddable":true,"href":"https:\/\/sertv.gob.pa\/nacionalfm\/wp-json\/wp\/v2\/users\/1"}],"replies":[{"embeddable":true,"href":"https:\/\/sertv.gob.pa\/nacionalfm\/wp-json\/wp\/v2\/comments?post=18534"}],"version-history":[{"count":0,"href":"https:\/\/sertv.gob.pa\/nacionalfm\/wp-json\/wp\/v2\/posts\/18534\/revisions"}],"wp:featuredmedia":[{"embeddable":true,"href":"https:\/\/sertv.gob.pa\/nacionalfm\/wp-json\/wp\/v2\/media\/18535"}],"wp:attachment":[{"href":"https:\/\/sertv.gob.pa\/nacionalfm\/wp-json\/wp\/v2\/media?parent=18534"}],"wp:term":[{"taxonomy":"category","embeddable":true,"href":"https:\/\/sertv.gob.pa\/nacionalfm\/wp-json\/wp\/v2\/categories?post=18534"},{"taxonomy":"post_tag","embeddable":true,"href":"https:\/\/sertv.gob.pa\/nacionalfm\/wp-json\/wp\/v2\/tags?post=18534"}],"curies":[{"name":"wp","href":"https:\/\/api.w.org\/{rel}","templated":true}]}}