{"id":18536,"date":"2017-02-21T18:05:07","date_gmt":"2017-02-21T18:05:07","guid":{"rendered":""},"modified":"2017-02-21T18:05:07","modified_gmt":"2017-02-21T18:05:07","slug":"diariamente-se-contagian-5-personas-de-vih-en-panama","status":"publish","type":"post","link":"https:\/\/sertv.gob.pa\/nacionalfm\/diariamente-se-contagian-5-personas-de-vih-en-panama\/","title":{"rendered":"Diariamente se contagian 5 personas de VIH en Panam\u00e1"},"content":{"rendered":"<p>\nA pesar de que existen los preservativos y que su costo no es muy elevado, en Panam\u00e1 todos los d\u00edas al menos 5 personas se contagian con el virus de inmunodeficiencia humana (VIH). <\/p>\n<p>Ya sea con un desconocido, su pareja formal, un trabajador (a) sexual o por mantener intimidad con un transexual.\u00a0 El factor com\u00fan de estos contagios es la falta de protecci\u00f3n al momento del contacto sexual. <\/p>\n<p>Con estas estad\u00edsticas, en Panam\u00e1 anualmente se pueden detectar unos 1,825 casos nuevos de VIH, lo que aumenta las cifras considerablemente. <\/p>\n<p>En la actualidad existen 9 mil personas diagnosticadas con VIH y unas 6 mil con el S\u00edndrome de Inmunodeficiencia Adquirida (SIDA); sin embargo, existe una realidad mucho m\u00e1s alarmante y es que unos 30 mil paname\u00f1os viven con este virus y no lo saben, pues no se realizan las pruebas, destac\u00f3 Orlando Quintero, director de la fundaci\u00f3n Pro Bienestar y Dignidad de las Personas Afectadas por el VIH-Sida (Probidsida). <\/p>\n<p>Ante la cruda realidad, el Ministerio de Salud (MINSA), el Despacho de la Primera Dama y Probidsida lanzaron la campa\u00f1a &lsquo;Sigue el ejemplo, hazte la prueba&#8217;. <\/p>\n<p>Seg\u00fan Quintero, con la campa\u00f1a buscan crear conciencia en la poblaci\u00f3n para que acuda a los centros de salud m\u00e1s cercanos a solicitar las pruebas. <\/p>\n<p>Quintero record\u00f3 que todas las personas sexualmente activas deben realizarse la prueba de VIH al menos una vez al a\u00f1o y esto no est\u00e1 sucediendo, por lo que el 60% de los casos detectados ya est\u00e1 en la etapa sida. <\/p>\n<p>Orlando N\u00fa\u00f1ez, del MINSA, asegur\u00f3 que a partir del segundo semestre del 2017, las pruebas de VIH en el sistema de salud p\u00fablico ser\u00e1n gratuitas para las personas que se consideren en riesgo de haber contra\u00eddo la enfermedad. <\/p>\n<p>En Probidsida, la donaci\u00f3n por realizarse la prueba es de $8; en los centros de salud y policl\u00ednicas de $6, y para las embarazadas es gratis. <\/p>\n<p>El doctor N\u00fa\u00f1ez inst\u00f3 a la poblaci\u00f3n a hacerse la prueba, pues los casos ya son detectados en menores de 14 a\u00f1os y adultos de 60. Solo el a\u00f1o pasado se contabiliz\u00f3 a 150 ni\u00f1as y 140 ni\u00f1os con VIH. <\/p>\n<p>\u00a0 <\/p>\n","protected":false},"excerpt":{"rendered":"<p>A pesar de que existen los preservativos y que su <a href=\"https:\/\/sertv.gob.pa\/nacionalfm\/diariamente-se-contagian-5-personas-de-vih-en-panama\/\"> [&#8230;]<\/a><\/p>\n","protected":false},"author":1,"featured_media":18537,"comment_status":"closed","ping_status":"closed","sticky":false,"template":"","format":"standard","meta":{"footnotes":""},"categories":[5],"tags":[],"class_list":["post-18536","post","type-post","status-publish","format-standard","has-post-thumbnail","hentry","category-salud"],"_links":{"self":[{"href":"https:\/\/sertv.gob.pa\/nacionalfm\/wp-json\/wp\/v2\/posts\/18536","targetHints":{"allow":["GET"]}}],"collection":[{"href":"https:\/\/sertv.gob.pa\/nacionalfm\/wp-json\/wp\/v2\/posts"}],"about":[{"href":"https:\/\/sertv.gob.pa\/nacionalfm\/wp-json\/wp\/v2\/types\/post"}],"author":[{"embeddable":true,"href":"https:\/\/sertv.gob.pa\/nacionalfm\/wp-json\/wp\/v2\/users\/1"}],"replies":[{"embeddable":true,"href":"https:\/\/sertv.gob.pa\/nacionalfm\/wp-json\/wp\/v2\/comments?post=18536"}],"version-history":[{"count":0,"href":"https:\/\/sertv.gob.pa\/nacionalfm\/wp-json\/wp\/v2\/posts\/18536\/revisions"}],"wp:featuredmedia":[{"embeddable":true,"href":"https:\/\/sertv.gob.pa\/nacionalfm\/wp-json\/wp\/v2\/media\/18537"}],"wp:attachment":[{"href":"https:\/\/sertv.gob.pa\/nacionalfm\/wp-json\/wp\/v2\/media?parent=18536"}],"wp:term":[{"taxonomy":"category","embeddable":true,"href":"https:\/\/sertv.gob.pa\/nacionalfm\/wp-json\/wp\/v2\/categories?post=18536"},{"taxonomy":"post_tag","embeddable":true,"href":"https:\/\/sertv.gob.pa\/nacionalfm\/wp-json\/wp\/v2\/tags?post=18536"}],"curies":[{"name":"wp","href":"https:\/\/api.w.org\/{rel}","templated":true}]}}