{"id":18546,"date":"2017-02-21T21:58:13","date_gmt":"2017-02-21T21:58:13","guid":{"rendered":""},"modified":"2017-02-21T21:58:13","modified_gmt":"2017-02-21T21:58:13","slug":"clausura-programa-aprendo-a-nadar-del-municipio-de-panama","status":"publish","type":"post","link":"https:\/\/sertv.gob.pa\/nacionalfm\/clausura-programa-aprendo-a-nadar-del-municipio-de-panama\/","title":{"rendered":"Clausura Programa Aprendo A Nadar del Municipio de Panam\u00e1"},"content":{"rendered":"<p>\nEn competencia de clausura del Programa Aprendo a Nadar 2017, de &ldquo;Verano Feliz&rdquo; en la Piscina Municipal de Pueblo Nuevo, organizado por la Alcald\u00eda de Panam\u00e1, la ni\u00f1a Shaddai V\u00e1squez se adjudic\u00f3 el primer lugar seguida de Isabella Paredes en la segunda posici\u00f3n y el tercer lugar fue para Sof\u00eda Hern\u00e1ndez en la categor\u00eda de 5 a\u00f1os, modalidad tablita. <\/p>\n<p>En la categor\u00eda de 6-7 a\u00f1os gan\u00f3 medalla de oro, el ni\u00f1o Gabriel Pastrana, \u00a0medalla plata \u00a0Alejandro Miranda y medalla de bronce, Daniel Chac\u00f3n, en 25 metros libres. <\/p>\n<p>Este curso \u00a0fue dictado desde el 3 de enero hasta el 24 de febrero, de martes a viernes, con un horario clasificado por edad, desde las 8:00 a.m. hasta las 12:00 m.d., totalmente gratis. Para que los ni\u00f1os aprovecharan las vacaciones de verano, para aprender a nadar, a compartir y para que conocieran m\u00e1s de la nataci\u00f3n que es una disciplina deportiva muy completa. <\/p>\n<p>Las clases de nataci\u00f3n fueron impartidas por grupos, categor\u00edas 5 a\u00f1os, \u00a06-7-8 a\u00f1os, 9-10-11 a\u00f1os, 12-13-14 a\u00f1os y 15-16-17 a\u00f1os. Para el resto del a\u00f1o se seguir\u00e1n dando clases de nataci\u00f3n. Las instalaciones est\u00e1n abiertas al p\u00fablico (ni\u00f1os, j\u00f3venes, adultos y tercera edad) de 6:00 de la ma\u00f1ana a 8:00 de la noche. <\/p>\n<p>M\u00e1s de 180 ni\u00f1os participaron en este programa. <\/p>\n<p>\u00a0 <\/p>\n","protected":false},"excerpt":{"rendered":"<p>En competencia de clausura del Programa Aprendo a Nadar 2017, <a href=\"https:\/\/sertv.gob.pa\/nacionalfm\/clausura-programa-aprendo-a-nadar-del-municipio-de-panama\/\"> [&#8230;]<\/a><\/p>\n","protected":false},"author":1,"featured_media":18547,"comment_status":"closed","ping_status":"closed","sticky":false,"template":"","format":"standard","meta":{"footnotes":""},"categories":[4],"tags":[],"class_list":["post-18546","post","type-post","status-publish","format-standard","has-post-thumbnail","hentry","category-deportes"],"_links":{"self":[{"href":"https:\/\/sertv.gob.pa\/nacionalfm\/wp-json\/wp\/v2\/posts\/18546","targetHints":{"allow":["GET"]}}],"collection":[{"href":"https:\/\/sertv.gob.pa\/nacionalfm\/wp-json\/wp\/v2\/posts"}],"about":[{"href":"https:\/\/sertv.gob.pa\/nacionalfm\/wp-json\/wp\/v2\/types\/post"}],"author":[{"embeddable":true,"href":"https:\/\/sertv.gob.pa\/nacionalfm\/wp-json\/wp\/v2\/users\/1"}],"replies":[{"embeddable":true,"href":"https:\/\/sertv.gob.pa\/nacionalfm\/wp-json\/wp\/v2\/comments?post=18546"}],"version-history":[{"count":0,"href":"https:\/\/sertv.gob.pa\/nacionalfm\/wp-json\/wp\/v2\/posts\/18546\/revisions"}],"wp:featuredmedia":[{"embeddable":true,"href":"https:\/\/sertv.gob.pa\/nacionalfm\/wp-json\/wp\/v2\/media\/18547"}],"wp:attachment":[{"href":"https:\/\/sertv.gob.pa\/nacionalfm\/wp-json\/wp\/v2\/media?parent=18546"}],"wp:term":[{"taxonomy":"category","embeddable":true,"href":"https:\/\/sertv.gob.pa\/nacionalfm\/wp-json\/wp\/v2\/categories?post=18546"},{"taxonomy":"post_tag","embeddable":true,"href":"https:\/\/sertv.gob.pa\/nacionalfm\/wp-json\/wp\/v2\/tags?post=18546"}],"curies":[{"name":"wp","href":"https:\/\/api.w.org\/{rel}","templated":true}]}}