{"id":18548,"date":"2017-02-22T13:04:14","date_gmt":"2017-02-22T13:04:14","guid":{"rendered":""},"modified":"2017-02-22T13:04:14","modified_gmt":"2017-02-22T13:04:14","slug":"autorizan-financiamiento-para-proyecto-de-saneamiento-de-panama-oeste","status":"publish","type":"post","link":"https:\/\/sertv.gob.pa\/nacionalfm\/autorizan-financiamiento-para-proyecto-de-saneamiento-de-panama-oeste\/","title":{"rendered":"Autorizan financiamiento para Proyecto de Saneamiento de Panam\u00e1 Oeste"},"content":{"rendered":"<p>\n\u00a0 <\/p>\n<p> El Proyecto de Saneamiento de Panam\u00e1 Oeste avanza con la consecuci\u00f3n\u00a0de los fondos para la construcci\u00f3n de un sistema de alcantarillado y \u00a0dos plantas de tratamientos en los distritos de Arraij\u00e1n y La Chorrera, tan pronto el Consejo de Gabinete, autorizara al Ministerio de Econom\u00eda y Finanzas (MEF), a suscribir un pr\u00e9stamo con el Banco Interamericano de Desarrollo (BID), por 150 millones de balboas, el cual se utilizar\u00e1 primordialmente para dise\u00f1ar y construir la Planta de Tratamiento de Aguas Residuales de Arraij\u00e1n y La Chorrera, que ser\u00e1 ubicada cerca de la desembocadura del R\u00edo Caimito.  <\/p>\n<p> Este financiamiento complementa el pr\u00e9stamo\u00a0con el Banco de Desarrollo de Am\u00e9rica Latina (CAF), por 95 millones de balboas, que fue aprobado en fecha reciente, por el Consejo de Gabinete, a fin de avanzar con la obra de la Planta de Tratamiento de Aguas Residuales de Arraij\u00e1n Este, situada en Nuevo Chorrillo.\u00a0  <\/p>\n<p> Al respecto, el Presidente Juan Carlos Varela, reiter\u00f3 que este proyecto busca recuperar las condiciones sanitarias y ambientales del \u00e1rea de Panam\u00e1 Oeste, eliminando la contaminaci\u00f3n por aguas residuales no tratadas en los r\u00edos y en las zonas costeras de la Bah\u00eda de Panam\u00e1, lo que se traduce en una mejora de las condiciones de salud, medio ambiente y calidad de vida de la poblaci\u00f3n.  <\/p>\n<p> Este programa de saneamiento que ayudar\u00e1 a m\u00e1s de 700 mil personas con un horizonte al 2,050, incluye la construcci\u00f3n de redes de alcantarillado sanitario, de colectoras sanitarias \u00a0y de dos plantas de tratamiento de aguas residuales, la cuales recibir\u00e1n y tratar\u00e1n las aguas residuales de las viviendas de las cuencas de Mart\u00edn\u00a0S\u00e1nchez, Prudente,   Rodeo, Bique y Caimito, adem\u00e1s de Burunga, R\u00edo Potrero, R\u00edo C\u00e1ceres, y R\u00edo Perico, entre otras, a fin de evitar la contaminaci\u00f3n de los r\u00edos, quebradas e inclusive veredas y calles.  <\/p>\n<p> Cabe se\u00f1alar, que con estas obras que se contemplan para cuatro a\u00f1os, el Gobierno espera que se recuperen los \u00a0principales r\u00edos de Panam\u00e1 Oeste y se ampl\u00ede la cobertura de saneamiento de 10% que tiene la provincia al 90%, \u00a0para beneficio de todos los habitantes de Arraij\u00e1n y La Chorrera.  <\/p>\n<p> Al presente, el sistema de recolecci\u00f3n de las aguas residuales cubre apenas el 10% del \u00e1rea desarrollada, tanto en La Chorrera como en Arraij\u00e1n a pesar que ambos distritos juntos ocupan el tercer lugar como mayores poblados del pa\u00eds.  <\/p>\n<p> En tanto que, \u00a0las \u00a0\u00e1reas urbanizables de La Chorrera colindan en su mayor\u00eda con el R\u00edo Caimito, raz\u00f3n por la cual, las aguas residuales provocan que el r\u00edo y otros afluentes est\u00e9n contaminados, perdiendo con esto la riqueza h\u00eddrica que ten\u00eda la cuenca del R\u00edo Caimito.  <\/p>\n","protected":false},"excerpt":{"rendered":"<p>\u00a0 El Proyecto de Saneamiento de Panam\u00e1 Oeste avanza con <a href=\"https:\/\/sertv.gob.pa\/nacionalfm\/autorizan-financiamiento-para-proyecto-de-saneamiento-de-panama-oeste\/\"> [&#8230;]<\/a><\/p>\n","protected":false},"author":1,"featured_media":18549,"comment_status":"closed","ping_status":"closed","sticky":false,"template":"","format":"standard","meta":{"footnotes":""},"categories":[2],"tags":[],"class_list":["post-18548","post","type-post","status-publish","format-standard","has-post-thumbnail","hentry","category-nacionales"],"_links":{"self":[{"href":"https:\/\/sertv.gob.pa\/nacionalfm\/wp-json\/wp\/v2\/posts\/18548","targetHints":{"allow":["GET"]}}],"collection":[{"href":"https:\/\/sertv.gob.pa\/nacionalfm\/wp-json\/wp\/v2\/posts"}],"about":[{"href":"https:\/\/sertv.gob.pa\/nacionalfm\/wp-json\/wp\/v2\/types\/post"}],"author":[{"embeddable":true,"href":"https:\/\/sertv.gob.pa\/nacionalfm\/wp-json\/wp\/v2\/users\/1"}],"replies":[{"embeddable":true,"href":"https:\/\/sertv.gob.pa\/nacionalfm\/wp-json\/wp\/v2\/comments?post=18548"}],"version-history":[{"count":0,"href":"https:\/\/sertv.gob.pa\/nacionalfm\/wp-json\/wp\/v2\/posts\/18548\/revisions"}],"wp:featuredmedia":[{"embeddable":true,"href":"https:\/\/sertv.gob.pa\/nacionalfm\/wp-json\/wp\/v2\/media\/18549"}],"wp:attachment":[{"href":"https:\/\/sertv.gob.pa\/nacionalfm\/wp-json\/wp\/v2\/media?parent=18548"}],"wp:term":[{"taxonomy":"category","embeddable":true,"href":"https:\/\/sertv.gob.pa\/nacionalfm\/wp-json\/wp\/v2\/categories?post=18548"},{"taxonomy":"post_tag","embeddable":true,"href":"https:\/\/sertv.gob.pa\/nacionalfm\/wp-json\/wp\/v2\/tags?post=18548"}],"curies":[{"name":"wp","href":"https:\/\/api.w.org\/{rel}","templated":true}]}}