{"id":18566,"date":"2017-02-22T16:46:33","date_gmt":"2017-02-22T16:46:33","guid":{"rendered":""},"modified":"2017-02-22T16:46:33","modified_gmt":"2017-02-22T16:46:33","slug":"presidente-varela-recibe-a-campeones-juveniles-de-herrera","status":"publish","type":"post","link":"https:\/\/sertv.gob.pa\/nacionalfm\/presidente-varela-recibe-a-campeones-juveniles-de-herrera\/","title":{"rendered":"Presidente Varela recibe a campeones juveniles de Herrera"},"content":{"rendered":"<p>\nEl presidente de la Rep\u00fablica de Panam\u00e1 Juan Carlos Varela recibi\u00f3 en el Palacio Presidencial a la novena de Herrera que luego de 42 a\u00f1os logra el Campeonato Nacional Juvenil, al vencer en una final del C\u00e1sico de Azuero a Los Santos por pizarra de 6-4. <\/p>\n<p>El Mandatario alab\u00f3 el esfuerzo y tenacidad de los j\u00f3venes deportistas, y destac\u00f3 que &ldquo;son un orgullo para todo el pa\u00eds\u00a0 y un ejemplo para los que ven en el deporte, la manera de hacer grande a Panam\u00e1&rdquo;. <\/p>\n<p>&ldquo;Resalto ese abrazo de los dos equipos al final, ustedes son compa\u00f1eros, muchos se quitaran la camisa de sus equipos y\u00a0 van a hacer lo correcto,\u00a0 ponerse la camisa de Panam\u00e1 para representarnos internacionalmente. Sigan adelante, felicidades, si\u00e9ntanse orgullosos del trabajo que hicieron, que dejaron el nombre de Herrera en alto&rdquo;, afirm\u00f3 el Presidente. <\/p>\n<p>Varela record\u00f3 que para el 2018 se debe contar con nuevas instalaciones para la pr\u00e1ctica del b\u00e9isbol como son el estadio Kenny Serrac\u00edn de David, el Calvin Byron de Bocas del Toro y el Juan Dem\u00f3stenes Arosemena, cuya rehabilitaci\u00f3n ya est\u00e1 en proceso.\u00a0 <\/p>\n<p>El Presidente realiz\u00f3 un reconocimiento p\u00fablico a Israel Delgado,\u00a0 director del equipo herrerano, al que calific\u00f3 como &ldquo;un hombre que\u00a0 ha vivido en Panam\u00e1\u00a0 hace 17 a\u00f1os, un amigo de la provincia de Herrera, un amigo del b\u00e9isbol paname\u00f1o. Solo ha trabajado para una provincia, es un Chitreano-Cubano que lo ha dado todo por nuestro b\u00e9isbol y que ama su profesi\u00f3n. Israel es un ejemplo de vida&rdquo;, afirm\u00f3. <\/p>\n<p>Agreg\u00f3 el presidente de la Rep\u00fablica que en el d\u00eda de hoy acompa\u00f1ar\u00e1 un rato a los campeones en el recibimiento que les har\u00e1 en la tarde de hoy la comunidad de Chitr\u00e9 junto a sus autoridades. <\/p>\n<p>\u00a0 <\/p>\n","protected":false},"excerpt":{"rendered":"<p>El presidente de la Rep\u00fablica de Panam\u00e1 Juan Carlos Varela <a href=\"https:\/\/sertv.gob.pa\/nacionalfm\/presidente-varela-recibe-a-campeones-juveniles-de-herrera\/\"> [&#8230;]<\/a><\/p>\n","protected":false},"author":1,"featured_media":18567,"comment_status":"closed","ping_status":"closed","sticky":false,"template":"","format":"standard","meta":{"footnotes":""},"categories":[4],"tags":[],"class_list":["post-18566","post","type-post","status-publish","format-standard","has-post-thumbnail","hentry","category-deportes"],"_links":{"self":[{"href":"https:\/\/sertv.gob.pa\/nacionalfm\/wp-json\/wp\/v2\/posts\/18566","targetHints":{"allow":["GET"]}}],"collection":[{"href":"https:\/\/sertv.gob.pa\/nacionalfm\/wp-json\/wp\/v2\/posts"}],"about":[{"href":"https:\/\/sertv.gob.pa\/nacionalfm\/wp-json\/wp\/v2\/types\/post"}],"author":[{"embeddable":true,"href":"https:\/\/sertv.gob.pa\/nacionalfm\/wp-json\/wp\/v2\/users\/1"}],"replies":[{"embeddable":true,"href":"https:\/\/sertv.gob.pa\/nacionalfm\/wp-json\/wp\/v2\/comments?post=18566"}],"version-history":[{"count":0,"href":"https:\/\/sertv.gob.pa\/nacionalfm\/wp-json\/wp\/v2\/posts\/18566\/revisions"}],"wp:featuredmedia":[{"embeddable":true,"href":"https:\/\/sertv.gob.pa\/nacionalfm\/wp-json\/wp\/v2\/media\/18567"}],"wp:attachment":[{"href":"https:\/\/sertv.gob.pa\/nacionalfm\/wp-json\/wp\/v2\/media?parent=18566"}],"wp:term":[{"taxonomy":"category","embeddable":true,"href":"https:\/\/sertv.gob.pa\/nacionalfm\/wp-json\/wp\/v2\/categories?post=18566"},{"taxonomy":"post_tag","embeddable":true,"href":"https:\/\/sertv.gob.pa\/nacionalfm\/wp-json\/wp\/v2\/tags?post=18566"}],"curies":[{"name":"wp","href":"https:\/\/api.w.org\/{rel}","templated":true}]}}