{"id":18568,"date":"2017-02-22T16:54:30","date_gmt":"2017-02-22T16:54:30","guid":{"rendered":""},"modified":"2017-02-22T16:54:30","modified_gmt":"2017-02-22T16:54:30","slug":"candelilla-villar-combate-en-alemania","status":"publish","type":"post","link":"https:\/\/sertv.gob.pa\/nacionalfm\/candelilla-villar-combate-en-alemania\/","title":{"rendered":"\u201cCandelilla\u201d Villar combate en Alemania"},"content":{"rendered":"<p>\nEl p\u00fagil paname\u00f1o Azael &ldquo;Candelilla&rdquo; Villar, 9no. m\u00ednimo de la Asociaci\u00f3n Mundial de Boxeo y 14 del Consejo Mundial de Boxeo combatir\u00e1 el pr\u00f3ximo 29 de abril del presente a\u00f1o, en Berl\u00edn Alemania ante el p\u00fagil de Tanzania, \u00c1frica, \u00a0Adam Yahaya por el t\u00edtulo juvenil Internacional del CMB. <\/p>\n<p>El p\u00fagil tanzano Yahaya cuenta con un r\u00e9cord de 17 victorias, 2 derrotas, ambas por decisi\u00f3n y 6 ganadas por K.O., en tanto que el paname\u00f1o Villar se mantiene invicto con\u00a0 12 victorias y 2 empates. <\/p>\n<p>En su \u00faltimo encuentro empat\u00f3 con el tambi\u00e9n invicto cubano Daniel Matell\u00f3n.\u00a0 <\/p>\n","protected":false},"excerpt":{"rendered":"<p>El p\u00fagil paname\u00f1o Azael &ldquo;Candelilla&rdquo; Villar, 9no. m\u00ednimo de la <a href=\"https:\/\/sertv.gob.pa\/nacionalfm\/candelilla-villar-combate-en-alemania\/\"> [&#8230;]<\/a><\/p>\n","protected":false},"author":1,"featured_media":18569,"comment_status":"closed","ping_status":"closed","sticky":false,"template":"","format":"standard","meta":{"footnotes":""},"categories":[4],"tags":[],"class_list":["post-18568","post","type-post","status-publish","format-standard","has-post-thumbnail","hentry","category-deportes"],"_links":{"self":[{"href":"https:\/\/sertv.gob.pa\/nacionalfm\/wp-json\/wp\/v2\/posts\/18568","targetHints":{"allow":["GET"]}}],"collection":[{"href":"https:\/\/sertv.gob.pa\/nacionalfm\/wp-json\/wp\/v2\/posts"}],"about":[{"href":"https:\/\/sertv.gob.pa\/nacionalfm\/wp-json\/wp\/v2\/types\/post"}],"author":[{"embeddable":true,"href":"https:\/\/sertv.gob.pa\/nacionalfm\/wp-json\/wp\/v2\/users\/1"}],"replies":[{"embeddable":true,"href":"https:\/\/sertv.gob.pa\/nacionalfm\/wp-json\/wp\/v2\/comments?post=18568"}],"version-history":[{"count":0,"href":"https:\/\/sertv.gob.pa\/nacionalfm\/wp-json\/wp\/v2\/posts\/18568\/revisions"}],"wp:featuredmedia":[{"embeddable":true,"href":"https:\/\/sertv.gob.pa\/nacionalfm\/wp-json\/wp\/v2\/media\/18569"}],"wp:attachment":[{"href":"https:\/\/sertv.gob.pa\/nacionalfm\/wp-json\/wp\/v2\/media?parent=18568"}],"wp:term":[{"taxonomy":"category","embeddable":true,"href":"https:\/\/sertv.gob.pa\/nacionalfm\/wp-json\/wp\/v2\/categories?post=18568"},{"taxonomy":"post_tag","embeddable":true,"href":"https:\/\/sertv.gob.pa\/nacionalfm\/wp-json\/wp\/v2\/tags?post=18568"}],"curies":[{"name":"wp","href":"https:\/\/api.w.org\/{rel}","templated":true}]}}