{"id":18576,"date":"2017-02-22T17:49:51","date_gmt":"2017-02-22T17:49:51","guid":{"rendered":""},"modified":"2017-02-22T17:49:51","modified_gmt":"2017-02-22T17:49:51","slug":"panama-lider-sub-20-de-concacaf","status":"publish","type":"post","link":"https:\/\/sertv.gob.pa\/nacionalfm\/panama-lider-sub-20-de-concacaf\/","title":{"rendered":"Panam\u00e1 l\u00edder Sub-20 de CONCACAF"},"content":{"rendered":"<p>\nPanam\u00e1 sum\u00f3 otros tres puntos importantes para sus aspiraciones de avanzar a la siguiente ronda del Campeonato Sub-20 de CONCACAF, al vencer por goleada al San Crist\u00f3bal Nieves 4 a 0. <\/p>\n<p>Los goleadores del compromiso fueron, Andr\u00e9s Andrade al minuto 38, Leandro \u00c1vila al 48&rsquo; y Ricardo \u00c1vila en dos ocasiones, al 57&rsquo; (penal) y 65&rsquo;; siendo este \u00faltimo la figura del partido. <\/p>\n<p>En el cotejo de fondo, Estados Unidos venci\u00f3 4-1 a Hait\u00ed, lo que dej\u00f3 al conjunto paname\u00f1o como l\u00edder del grupo con seis unidades. <\/p>\n<p>Para para el d\u00eda de hoy el seleccionado tendr\u00e1 una jornada recuperativa, en la que destaca una sesi\u00f3n en la piscina con los jugadores que vieron acci\u00f3n (10:00 horas), y entrenamiento en la cancha Piedades de Santa Ana (15:30 horas). \u00a0 <\/p>\n<p>\u00a0 <\/p>\n","protected":false},"excerpt":{"rendered":"<p>Panam\u00e1 sum\u00f3 otros tres puntos importantes para sus aspiraciones de <a href=\"https:\/\/sertv.gob.pa\/nacionalfm\/panama-lider-sub-20-de-concacaf\/\"> [&#8230;]<\/a><\/p>\n","protected":false},"author":1,"featured_media":18577,"comment_status":"closed","ping_status":"closed","sticky":false,"template":"","format":"standard","meta":{"footnotes":""},"categories":[4],"tags":[],"class_list":["post-18576","post","type-post","status-publish","format-standard","has-post-thumbnail","hentry","category-deportes"],"_links":{"self":[{"href":"https:\/\/sertv.gob.pa\/nacionalfm\/wp-json\/wp\/v2\/posts\/18576","targetHints":{"allow":["GET"]}}],"collection":[{"href":"https:\/\/sertv.gob.pa\/nacionalfm\/wp-json\/wp\/v2\/posts"}],"about":[{"href":"https:\/\/sertv.gob.pa\/nacionalfm\/wp-json\/wp\/v2\/types\/post"}],"author":[{"embeddable":true,"href":"https:\/\/sertv.gob.pa\/nacionalfm\/wp-json\/wp\/v2\/users\/1"}],"replies":[{"embeddable":true,"href":"https:\/\/sertv.gob.pa\/nacionalfm\/wp-json\/wp\/v2\/comments?post=18576"}],"version-history":[{"count":0,"href":"https:\/\/sertv.gob.pa\/nacionalfm\/wp-json\/wp\/v2\/posts\/18576\/revisions"}],"wp:featuredmedia":[{"embeddable":true,"href":"https:\/\/sertv.gob.pa\/nacionalfm\/wp-json\/wp\/v2\/media\/18577"}],"wp:attachment":[{"href":"https:\/\/sertv.gob.pa\/nacionalfm\/wp-json\/wp\/v2\/media?parent=18576"}],"wp:term":[{"taxonomy":"category","embeddable":true,"href":"https:\/\/sertv.gob.pa\/nacionalfm\/wp-json\/wp\/v2\/categories?post=18576"},{"taxonomy":"post_tag","embeddable":true,"href":"https:\/\/sertv.gob.pa\/nacionalfm\/wp-json\/wp\/v2\/tags?post=18576"}],"curies":[{"name":"wp","href":"https:\/\/api.w.org\/{rel}","templated":true}]}}